{"id":12588,"date":"2015-12-09T11:06:38","date_gmt":"2015-12-09T13:06:38","guid":{"rendered":"http:\/\/catolicanet.net\/wp-cnet\/2015\/12\/09\/mae-madrasta-guerreira\/"},"modified":"2017-05-09T10:26:24","modified_gmt":"2017-05-09T13:26:24","slug":"mae-madrasta-guerreira","status":"publish","type":"post","link":"https:\/\/catolicanet.net\/wp-cnet\/mae-madrasta-guerreira\/","title":{"rendered":"M\u00e3e, madrasta, guerreira"},"content":{"rendered":"<p style=\"text-align: justify;\">Ao longo se seu governo a Presidente da Rep\u00fablica vem desenvolvendo in\u00fameros programas sociais, objetivando construir uma na\u00e7\u00e3o na qual a mis\u00e9ria seja banida. Deste modo, vem crescendo a inclus\u00e3o social e a meta \u00e9 diminuir a desigualdade entre os brasileiros. \u00c9 o louv\u00e1vel lado materno da atual mandat\u00e1ria suprema da na\u00e7\u00e3o, ainda que as contas p\u00fablicas estejam combalidas. Como outrora Get\u00falio Vargas foi intitulado \u201cPai dos pobres\u201d hoje bem se pode rotular Dilma Roussef \u201cM\u00e3e dos indigentes\u201d. Ao lado disto, por\u00e9m, ela tem se revelado uma madrasta para a popula\u00e7\u00e3o em geral. Pelo descontrole econ\u00f4mico fruto de uma m\u00e1 administra\u00e7\u00e3o, a infla\u00e7\u00e3o carcome as combalidas finan\u00e7as dos cidad\u00e3os desta p\u00e1tria bem amada.\u00a0 Adite-se a amea\u00e7a cont\u00ednua da volta da famigerada CPMF, que significa mais um assalto ao bolso do contribuinte. A frieza com que o Ministro da Fazenda, Joaquim Levy, insiste em falar deste imposto \u00e9 impressionante e a ele fazem eco outros Ministros. \u00c9 uma situa\u00e7\u00e3o de causar pavor e a\u00ed j\u00e1 n\u00e3o se v\u00ea mais uma m\u00e3e governando o pa\u00eds, mas uma madrasta cruel. Entretanto, h\u00e1 outra faceta da atual Presidente que n\u00e3o se pode esquecer, qual seja sua bravura na luta contra os que a querem fora do governo, pugnando com todas as armas jur\u00eddicas contra qualquer manobra de impeachment. A\u00ed surge a guerreira da democracia que quer fazer valer os votos que obteve nas urnas. Argui corajosamente o Presidente da C\u00e2mara e ent\u00e3o aparece aquela que n\u00e3o ensarilha as armas e sai para o combate direto. Enfrenta at\u00e9 seu padrinho politico, Lu\u00eds In\u00e1cio Lula da Silva, n\u00e3o trocando o atual Ministro da Fazenda, embora assumindo o desgaste pela impertin\u00eancia do atual Ministro em insistir na horr\u00edpila CPMF. Os advers\u00e1rios da Presidente garantem que ela n\u00e3o chegar\u00e1 ao fim de seu mandato. Quem viver, ver\u00e1 ! Os admiradores da atual Presidente deveriam alert\u00e1-la sobre a pirexia dos impostos. O problema \u00e9 antigo. Em 1713 grande era a afli\u00e7\u00e3o que pairava nas Minas Gerais. Al\u00e9m do imposto por bateia e dos impostos de ind\u00fastrias e profiss\u00f5es, pagavam-se outras diversas e n\u00e3o pequenas taxas. Uma consci\u00eancia cr\u00edtica resultou deste estado de coisas e a revolta se instalou, fruto da oposi\u00e7\u00e3o aos excessos dos impostos extorsivos.\u00a0 Na Fran\u00e7a, a indigna\u00e7\u00e3o contra a gabelle, um imposto sobre o sal, foi um dos fatores que contribu\u00edram para a Revolu\u00e7\u00e3o Francesa, durante a qual os coletores de impostos foram mortos na guilhotina. Rea\u00e7\u00f5es violentas sempre se opuseram \u00e0 atitude governamental de oprimir o povo, ao inv\u00e9s de governar melhor. No Brasil, neste ano de 2015, a\u00ed est\u00e3o as in\u00fameras contradi\u00e7\u00f5es do Governo no que tange a arrancar dinheiro da popula\u00e7\u00e3o. Houvesse mais parcim\u00f4nia nos gastos governamentais e mais sabedoria e tino em administrar o pa\u00eds e menor seria a carga tribut\u00e1ria que aca\u00e7apa o brasileiro.<\/p>\n","protected":false},"excerpt":{"rendered":"<p>Ao longo se seu governo a Presidente da Rep\u00fablica vem desenvolvendo in\u00fameros programas sociais, objetivando construir uma na\u00e7\u00e3o na qual a mis\u00e9ria seja banida. Deste modo, vem crescendo a inclus\u00e3o social e a meta \u00e9 diminuir a desigualdade entre os brasileiros. \u00c9 o louv\u00e1vel lado materno da atual mandat\u00e1ria suprema da na\u00e7\u00e3o, ainda que as [&hellip;]<\/p>\n","protected":false},"author":7,"featured_media":0,"comment_status":"open","ping_status":"open","sticky":false,"template":"","format":"standard","meta":{"footnotes":""},"categories":[9],"tags":[],"class_list":["post-12588","post","type-post","status-publish","format-standard","hentry","category-artigos"],"_links":{"self":[{"href":"https:\/\/catolicanet.net\/wp-cnet\/wp-json\/wp\/v2\/posts\/12588","targetHints":{"allow":["GET"]}}],"collection":[{"href":"https:\/\/catolicanet.net\/wp-cnet\/wp-json\/wp\/v2\/posts"}],"about":[{"href":"https:\/\/catolicanet.net\/wp-cnet\/wp-json\/wp\/v2\/types\/post"}],"author":[{"embeddable":true,"href":"https:\/\/catolicanet.net\/wp-cnet\/wp-json\/wp\/v2\/users\/7"}],"replies":[{"embeddable":true,"href":"https:\/\/catolicanet.net\/wp-cnet\/wp-json\/wp\/v2\/comments?post=12588"}],"version-history":[{"count":1,"href":"https:\/\/catolicanet.net\/wp-cnet\/wp-json\/wp\/v2\/posts\/12588\/revisions"}],"predecessor-version":[{"id":21818,"href":"https:\/\/catolicanet.net\/wp-cnet\/wp-json\/wp\/v2\/posts\/12588\/revisions\/21818"}],"wp:attachment":[{"href":"https:\/\/catolicanet.net\/wp-cnet\/wp-json\/wp\/v2\/media?parent=12588"}],"wp:term":[{"taxonomy":"category","embeddable":true,"href":"https:\/\/catolicanet.net\/wp-cnet\/wp-json\/wp\/v2\/categories?post=12588"},{"taxonomy":"post_tag","embeddable":true,"href":"https:\/\/catolicanet.net\/wp-cnet\/wp-json\/wp\/v2\/tags?post=12588"}],"curies":[{"name":"wp","href":"https:\/\/api.w.org\/{rel}","templated":true}]}}