{"id":12581,"date":"2015-12-08T13:31:05","date_gmt":"2015-12-08T15:31:05","guid":{"rendered":"http:\/\/catolicanet.net\/wp-cnet\/2015\/12\/08\/papa-confidencia-aos-jovens-a-sua-maneira-de-ler-a-biblia\/"},"modified":"2017-05-31T16:09:52","modified_gmt":"2017-05-31T19:09:52","slug":"papa-confidencia-aos-jovens-a-sua-maneira-de-ler-a-biblia","status":"publish","type":"post","link":"https:\/\/catolicanet.net\/wp-cnet\/papa-confidencia-aos-jovens-a-sua-maneira-de-ler-a-biblia\/","title":{"rendered":"Papa confidencia aos jovens a sua maneira de ler a B\u00edblia"},"content":{"rendered":"<p style=\"text-align: justify;\"><img decoding=\"async\" src=\"http:\/\/catolicanet.com.br\/images\/stories\/7ad7f11d190c995ba540f7eeb4073ef6_xl.jpg\" border=\"0\" align=\"left\" \/>Papa confidencia aos jovens a sua maneira de ler a B\u00edblia<\/p>\n<p>O Pref\u00e1cio de uma B\u00edblia voltada ao p\u00fablico jovem, escrito pelo Papa Francisco, foi publicado na revista dos jesu\u00edtas \u201cLa Civilt\u00e0 Cattolica\u201d. O Papa afirma no texto amar a sua velha B\u00edblia, que \u201cviu a minha alegria, foi banhada pelas minhas l\u00e1grimas: \u00e9 o meu inestim\u00e1vel tesouro. Vivo dela e por nada no mundo me desfaria dela\u201d. Francisco d\u00e1 v\u00e1rias sugest\u00f5es aos jovens em como us\u00e1-la, ao mesmo tempo em que confidencia a eles como l\u00ea a sua &#8220;velha B\u00edblia&#8221;.<\/p>\n<p>Francisco iniciou o texto, afirmando que os jovens se surpreenderiam com a apar\u00eancia de sua B\u00edblia, velha e usada, mas que por nada faria menos dela, pois \u00e9 para ele \u201cum inestim\u00e1vel tesouro\u201d, que o acompanhou \u201cmetade\u201d de sua vida. Ap\u00f3s recordou as persegui\u00e7\u00f5es aos crist\u00e3os no mundo na atualidade, afirmando com certa ironia, que \u201cevidentemente a B\u00edblia \u00e9 um livro extremamente perigoso, que causa tanto risco, que em certos pa\u00edses quem possui uma \u00e9 tratado como se escondesse no arm\u00e1rio bombas ao alcance da m\u00e3o\u201d.<\/p>\n<p>O Papa chama a aten\u00e7\u00e3o para o fato de que muitas vezes os crist\u00e3os consideram a B\u00edblia como uma simples obra-liter\u00e1ria, fazendo refer\u00eancia \u00e0s palavras de Mahatma Gandhi que afirmava: &#8220;aos crist\u00e3os foi confiado um texto com &#8216;quantidade de dinamite suficiente para fazer explodir em mil peda\u00e7os a civiliza\u00e7\u00e3o inteira, para colocar de cabe\u00e7a para baixo o mundo e levar a paz a um planeta devastado pela guerra&#8217;, mas o tratam como se fosse uma simples obra liter\u00e1ria, nada al\u00e9m disto&#8221;.<\/p>\n<p>Contrastando esta abordagem do texto sagrado, Bergoglio recorda que a B\u00edblia n\u00e3o \u00e9 uma sele\u00e7\u00e3o de hist\u00f3rias antigas e bonitas, mas \u201cpela Palavra de Deus, a luz veio ao mundo e nunca mais se apagou\u201d, exortando \u2013 ao citar a Evangelii gaudium \u2013 que Deus mostrou-Se a Si mesmo\u00bb. Acolhamos o tesouro sublime da Palavra revelada!\u201d.<\/p>\n<p>\u201cVoc\u00eas t\u00eam entre as m\u00e3os, portanto, algo de divino \u2013 escreveu o Papa aos jovens &#8211; um livro como fogo, um livro no qual Deus fala. Por isto, recordem-se: a B\u00edblia n\u00e3o \u00e9 feita para ser colocada em uma prateleira, mas \u00e9 feita para ser levada na m\u00e3o, para ser lida frequentemente, a cada dia, quer sozinho como acompanhados\u201d.<\/p>\n<p>Francisco sugere aos jovens a leitura conjunta da B\u00edblia, assim como se vai acompanhado ao shopping ou praticar esportes, propondo tamb\u00e9m que a leiam \u201cao ar livre, mergulhados na natureza, no bosque, na beira do mar, de noite \u00e0 luz de velas&#8230;voc\u00eas fariam uma experi\u00eancia forte\u201d. E questiona: \u201cOu quem sabe voc\u00eas t\u00eam medo de parecerem rid\u00edculos diante dos outros?\u201d<\/p>\n<p>O Papa explica que a Palavra de Deus, para mostrar a sua for\u00e7a e transformar a nossa vida, deve ser meditada e lida em profundidade, pois atrav\u00e9s dela \u201cDeus est\u00e1 me falando\u201d. E confidencia como l\u00ea a sua velha B\u00edblia: \u201cFrequentemente a pego, a leio um pouco, depois a deixo de lado e me deixo olhar pelo Senhor. N\u00e3o sou eu que olho para ele, mas ele que olha para mim\u201d, colocando assim \u201cna escuta\u201d do Senhor.<\/p>\n<p>\u201c\u00c0s vezes Ele n\u00e3o fala: e ent\u00e3o n\u00e3o ou\u00e7o nada, somente vazio, vazio, vazio&#8230;. Mas, paciente, permane\u00e7o l\u00e1 e o espero assim, lendo e rezando. Rezo sentado, porque me faz mal ficar de joelhos. \u00c0s vezes, rezando, at\u00e9 mesmo adorme\u00e7o, mas n\u00e3o tem problema: sou como um filho pr\u00f3ximo ao seu pai, e isto \u00e9 o que conta\u201d.<\/p>\n<p>Ao concluir, escreveu: \u201cVoc\u00eas querem me fazer feliz? Leiam a B\u00edblia\u201d.<\/p>\n<p>O Pref\u00e1cio foi escrito para uma B\u00edblia dirigida aos jovens, que tamb\u00e9m colaboraram com os coment\u00e1rios da mesma. (Bibel. Jugendbibel der Katolishcen Kirche). A ideia da obra \u00e9 de Thomas S\u00f6ding, professor do Novo Testamento na Universidade de Bochu, e por longos anos membro da Comiss\u00e3o Teol\u00f3gica Internacional da Santa S\u00e9. Pai de tr\u00eas filhos, sentia a necessidade de oferecer aos jovens uma possibilidade de acesso \u00e0 B\u00edblia que fosse atraente. Assim, entrou em contato com Georg Fisher (Universidade de Innsbruck) e Dominik Markl (Pontif\u00edcio Instituto B\u00edblico, em Roma), jesu\u00edtas austr\u00edacos e Professores de Antigo Testamento, convidando-os a colaborar com o projeto. Ap\u00f3s a ampla divulga\u00e7\u00e3o do catecismo para jovens Youcat, os autores convidaram a Youcat Foundation (Augsburg), junto com a Katholische Bibelanstalt (Stuttgart) para colaborar com o projeto.<\/p>\n<p>Eis o texto na \u00edntegra:<\/p>\n<p>\u201cMeus queridos jovens amigos,<\/p>\n<p>Se voc\u00eas vissem a minha B\u00edblia, talvez voc\u00eas n\u00e3o ficariam por nada tocados. Diriam: \u201cO que? Esta \u00e9 a B\u00edblia do Papa? Um livro assim velho, assim usado!\u201d. Poderiam tamb\u00e9m me presentear uma nova, quem sabe uma de 1.000 euros: n\u00e3o, n\u00e3o gostaria. Amo a minha velha B\u00edblia, aquela que me acompanhou metade da minha vida. Viu a minha alegria, foi banhada pelas minhas l\u00e1grimas: \u00e9 o meu inestim\u00e1vel tesouro. Vivo dela e por nada no mundo eu faria menos dela.<\/p>\n<p>A B\u00edblia para os jovens, que voc\u00eas apenas abriram, me agrada muito: \u00e9 t\u00e3o vivaz, t\u00e3o rica de testemunhos de santos, de jovens, que d\u00e1 vontade de l\u00ea-la de uma s\u00f3 vez, desde o in\u00edcio at\u00e9 a \u00faltima p\u00e1gina. E depois? Depois a escondem, desaparece numa prateleira de uma biblioteca, quem sabe atr\u00e1s, na terceira fila, acabando por encher-se de poeira. At\u00e9 o dia em que os vossos filhos a vender\u00e3o num mercadinho de usados. N\u00e3o, isto n\u00e3o pode ser!<\/p>\n<p>Quero dizer uma coisa a voc\u00eas: hoje, mais do que no in\u00edcio da Igreja, os crist\u00e3os s\u00e3o perseguidos; por qual raz\u00e3o? S\u00e3o perseguidos porque usam uma cruz e d\u00e3o testemunho de Cristo; s\u00e3o condenados porque possuem uma B\u00edblia. Evidentemente a B\u00edblia \u00e9 um livro extremamente perigoso, que causa tanto risco, que em certos pa\u00edses quem possui uma B\u00edblia \u00e9 tratado como se escondesse no arm\u00e1rio bombas de m\u00e3o!<\/p>\n<p>Mahatma Gandhi, que n\u00e3o era crist\u00e3o, uma vez disse: \u201cA voc\u00eas crist\u00e3os \u00e9 confiado um texto que tem em si uma quantidade de dinamite suficiente para fazer explodir em mil peda\u00e7os a civiliza\u00e7\u00e3o inteira, para colocar de cabe\u00e7a para baixo o mundo e levar a paz a um planeta devastado pela guerra. Mas a tratam, por\u00e9m, como se fosse simplesmente uma obra liter\u00e1ria, nada al\u00e9m disto\u201d.<\/p>\n<p>O que voc\u00eas t\u00eam, ent\u00e3o, em m\u00e3os? Uma obra-prima liter\u00e1ria? Uma sele\u00e7\u00e3o de antigas e belas hist\u00f3rias? Neste caso, seria necess\u00e1rio dizer aos muitos crist\u00e3os que se deixam aprisionar e torturar pela B\u00edblia: \u201cVoc\u00eas s\u00e3o realmente tolos e pouco s\u00e1bios: \u00e9 somente uma obra liter\u00e1ria!\u201d. N\u00e3o, com a Palavra de Deus a luz veio ao mundo e nunca mais se apagou. Na minha Exorta\u00e7\u00e3o Apost\u00f3lica Evangelii gaudium escrevi: \u201cN\u00f3s n\u00e3o procuramos Deus tateando no escuro, nem precisamos esperar que Ele nos dirija a palavra, porque realmente \u00abDeus falou, j\u00e1 n\u00e3o \u00e9 o grande desconhecido, mas mostrou-Se a Si mesmo\u00bb. Acolhamos o tesouro sublime da Palavra revelada!\u201d (n.175)<\/p>\n<p>Voc\u00eas t\u00eam entre as m\u00e3os, portanto, algo de divino: um livro como fogo, um livro no qual Deus fala. Por isto, recordem-se: a B\u00edblia n\u00e3o \u00e9 feita para ser colocada em uma prateleira, mas \u00e9 feita para ser levada na m\u00e3o, para ser lida frequentemente, a cada dia, quer sozinho como acompanhados. De resto, acompanhados voc\u00eas praticam esporte, v\u00e3o ao shopping; por que ent\u00e3o n\u00e3o ler juntos, em dois, em tr\u00eas ou em quatro a B\u00edblia? Quem sabe ao ar livre, mergulhados na natureza, no bosque, na beira do mar, de noite \u00e0 luz de velas&#8230;voc\u00eas fariam uma experi\u00eancia forte e envolvente. Ou quem sabe voc\u00eas t\u00eam medo de parecerem rid\u00edculos diante dos outros?<\/p>\n<p>Leiam com aten\u00e7\u00e3o. N\u00e3o permane\u00e7am na superf\u00edcie, como se faz com hist\u00f3rias em quadrinho! A Palavra de Deus n\u00e3o pode ser lida com um passar de olhos! Antes, perguntem-se: \u201cO que diz este texto ao meu cora\u00e7\u00e3o? Por meio desta palavra, Deus est\u00e1 me falando? Talvez esteja suscitando anseios, a minha sede profunda? O que devo fazer?\u201d. Somente assim a Palavra de Deus poder\u00e1 mostrar toda a sua for\u00e7a; somente assim a nossa vida poder\u00e1 transformar-se, tornando-se plena e bela.<\/p>\n<p>Quero confidenciar a voc\u00eas como leio a minha velha B\u00edblia. Frequentemente a pego, a leio um pouco, depois a deixo de lado e me deixo olhar pelo Senhor. N\u00e3o sou eu que olho para Ele, mas Ele que olha para mim: Deus est\u00e1 realmente al\u00ed, presente. Assim me deixo observar por Ele e escuto \u2013 e n\u00e3o \u00e9 um certo sentimentalismo \u2013 percebo no mais profundo de meu ser aquilo que o Senhor me diz.<\/p>\n<p>\u00c0s vezes n\u00e3o fala: e ent\u00e3o n\u00e3o ou\u00e7o nada, somente vazio, vazio, vazio&#8230;. Mas, paciente, permane\u00e7o l\u00e1 e o espero assim, lendo e rezando. Rezo sentado, porque me faz mal ficar de joelhos. \u00c0s vezes, rezando, at\u00e9 mesmo adorme\u00e7o, mas n\u00e3o tem problema: sou como um filho pr\u00f3ximo ao seu pai, e isto \u00e9 o que conta.<\/p>\n<p>Voc\u00eas querem me fazer feliz? Leiam a B\u00edblia\u201d.<\/p>\n<p style=\"text-align: justify;\">Fonte: AIS<\/p>\n","protected":false},"excerpt":{"rendered":"<p>Papa confidencia aos jovens a sua maneira de ler a B\u00edblia O Pref\u00e1cio de uma B\u00edblia voltada ao p\u00fablico jovem, escrito pelo Papa Francisco, foi publicado na revista dos jesu\u00edtas \u201cLa Civilt\u00e0 Cattolica\u201d. O Papa afirma no texto amar a sua velha B\u00edblia, que \u201cviu a minha alegria, foi banhada pelas minhas l\u00e1grimas: \u00e9 o [&hellip;]<\/p>\n","protected":false},"author":1,"featured_media":0,"comment_status":"open","ping_status":"open","sticky":false,"template":"","format":"standard","meta":{"footnotes":""},"categories":[4],"tags":[],"class_list":["post-12581","post","type-post","status-publish","format-standard","hentry","category-cotidiano"],"_links":{"self":[{"href":"https:\/\/catolicanet.net\/wp-cnet\/wp-json\/wp\/v2\/posts\/12581","targetHints":{"allow":["GET"]}}],"collection":[{"href":"https:\/\/catolicanet.net\/wp-cnet\/wp-json\/wp\/v2\/posts"}],"about":[{"href":"https:\/\/catolicanet.net\/wp-cnet\/wp-json\/wp\/v2\/types\/post"}],"author":[{"embeddable":true,"href":"https:\/\/catolicanet.net\/wp-cnet\/wp-json\/wp\/v2\/users\/1"}],"replies":[{"embeddable":true,"href":"https:\/\/catolicanet.net\/wp-cnet\/wp-json\/wp\/v2\/comments?post=12581"}],"version-history":[{"count":1,"href":"https:\/\/catolicanet.net\/wp-cnet\/wp-json\/wp\/v2\/posts\/12581\/revisions"}],"predecessor-version":[{"id":27022,"href":"https:\/\/catolicanet.net\/wp-cnet\/wp-json\/wp\/v2\/posts\/12581\/revisions\/27022"}],"wp:attachment":[{"href":"https:\/\/catolicanet.net\/wp-cnet\/wp-json\/wp\/v2\/media?parent=12581"}],"wp:term":[{"taxonomy":"category","embeddable":true,"href":"https:\/\/catolicanet.net\/wp-cnet\/wp-json\/wp\/v2\/categories?post=12581"},{"taxonomy":"post_tag","embeddable":true,"href":"https:\/\/catolicanet.net\/wp-cnet\/wp-json\/wp\/v2\/tags?post=12581"}],"curies":[{"name":"wp","href":"https:\/\/api.w.org\/{rel}","templated":true}]}}