{"id":12568,"date":"2015-12-07T17:25:03","date_gmt":"2015-12-07T19:25:03","guid":{"rendered":"http:\/\/catolicanet.net\/wp-cnet\/2015\/12\/07\/jubileu-albergue-da-caritas-tera-porta-santa-da-caridade\/"},"modified":"2017-06-02T11:04:20","modified_gmt":"2017-06-02T14:04:20","slug":"jubileu-albergue-da-caritas-tera-porta-santa-da-caridade","status":"publish","type":"post","link":"https:\/\/catolicanet.net\/wp-cnet\/jubileu-albergue-da-caritas-tera-porta-santa-da-caridade\/","title":{"rendered":"Jubileu: Albergue da Caritas ter\u00e1 Porta Santa da Caridade"},"content":{"rendered":"<p style=\"text-align: justify;\"><img decoding=\"async\" src=\"http:\/\/catolicanet.com.br\/images\/stories\/ansa451130_articolo.jpg\" border=\"0\" align=\"left\" \/>Entre as tantas novidades deste Jubileu da Miseric\u00f3rdia, est\u00e1 a abertura da Porta Santa da Caridade no Albergue da Caritas na Via Marsala, centro de Roma. A porta foi projetada pelo artista Padre Marko Ivan Rupnik e ser\u00e1 descerrada no dia 10 de dezembro pelo Cardeal Vig\u00e1rio Agostino Vallini, junto com a inaugura\u00e7\u00e3o do Albergue Don Luigi Di Liegro e o Refeit\u00f3rio \u201cS\u00e3o Jo\u00e3o Paulo II\u201d. O Papa Francisco atravessar\u00e1\u00a0 a Porta na tarde do dia 18.<\/p>\n<p>As duas estruturas de acolhida da Caritas diocesana reabrir\u00e3o ap\u00f3s os trabalhos de reforma iniciados em 2010. A cerim\u00f4nia de inaugura\u00e7\u00e3o contar\u00e1 com a presen\u00e7a, entre outros, do Secret\u00e1rio Geral da Confer\u00eancia Episcopal Italiana, Dom Nunzio Galantino.<\/p>\n<p>O Albergue \u201cDon Luigi Di Liegro\u201d foi aberto oficialmente em 2 de junho de 1987, numa iniciativa do ent\u00e3o Diretor da Caritas, a quem agora \u00e9 dedicado, em um im\u00f3vel colocado \u00e0 disposi\u00e7\u00e3o pela Ferrovia do Estado e desde o in\u00edcio funciona em parceria com a Prefeitura de Roma.\u00a0 Pensado como local confort\u00e1vel e acolhedor para hospedar pessoa sem-teto por um breve per\u00edodo, conta com o apoio de profissionais de diversas \u00e1reas, agentes sociais e volunt\u00e1rios. \u201cDesde 1987 \u2013 explica a Caritas de Roma \u2013 mais de 11 mil sem-teto encontraram abrigo tempor\u00e1rio no Albergue, 188 a cada noite, que al\u00e9m da assist\u00eancia imediata, uma cama, banho, refei\u00e7\u00e3o, roupa limpa, encontraram pessoas dispostas em ouvi-los, em responder a seu pedido de ajuda, em dar uma palavra de conforto e, quando poss\u00edvel, encontrar para eles\u00a0 um local permanente\u201d.<\/p>\n<p>Ligado ao Albergue est\u00e1 o refeit\u00f3rio, que a cada noite serve mais de 500 refei\u00e7\u00f5es \u00e0 pessoas em dificuldades e que s\u00e3o encaminhados pelos centros de acolhida paroquiais e pelos servi\u00e7os municipais. Em 2010, foram iniciados importantes reformas\u00a0 no local, com a amplia\u00e7\u00e3o de espa\u00e7os para uma melhor acolhida, al\u00e9m de poder oferecer novos servi\u00e7os de socializa\u00e7\u00e3o e para o voluntariado.<\/p>\n<p style=\"text-align: justify;\">fonte: R\u00e1dio Vaticano<\/p>\n","protected":false},"excerpt":{"rendered":"<p>Entre as tantas novidades deste Jubileu da Miseric\u00f3rdia, est\u00e1 a abertura da Porta Santa da Caridade no Albergue da Caritas na Via Marsala, centro de Roma. A porta foi projetada pelo artista Padre Marko Ivan Rupnik e ser\u00e1 descerrada no dia 10 de dezembro pelo Cardeal Vig\u00e1rio Agostino Vallini, junto com a inaugura\u00e7\u00e3o do Albergue [&hellip;]<\/p>\n","protected":false},"author":1,"featured_media":0,"comment_status":"open","ping_status":"open","sticky":false,"template":"","format":"standard","meta":{"footnotes":""},"categories":[3],"tags":[],"class_list":["post-12568","post","type-post","status-publish","format-standard","hentry","category-vaticano"],"_links":{"self":[{"href":"https:\/\/catolicanet.net\/wp-cnet\/wp-json\/wp\/v2\/posts\/12568","targetHints":{"allow":["GET"]}}],"collection":[{"href":"https:\/\/catolicanet.net\/wp-cnet\/wp-json\/wp\/v2\/posts"}],"about":[{"href":"https:\/\/catolicanet.net\/wp-cnet\/wp-json\/wp\/v2\/types\/post"}],"author":[{"embeddable":true,"href":"https:\/\/catolicanet.net\/wp-cnet\/wp-json\/wp\/v2\/users\/1"}],"replies":[{"embeddable":true,"href":"https:\/\/catolicanet.net\/wp-cnet\/wp-json\/wp\/v2\/comments?post=12568"}],"version-history":[{"count":1,"href":"https:\/\/catolicanet.net\/wp-cnet\/wp-json\/wp\/v2\/posts\/12568\/revisions"}],"predecessor-version":[{"id":28073,"href":"https:\/\/catolicanet.net\/wp-cnet\/wp-json\/wp\/v2\/posts\/12568\/revisions\/28073"}],"wp:attachment":[{"href":"https:\/\/catolicanet.net\/wp-cnet\/wp-json\/wp\/v2\/media?parent=12568"}],"wp:term":[{"taxonomy":"category","embeddable":true,"href":"https:\/\/catolicanet.net\/wp-cnet\/wp-json\/wp\/v2\/categories?post=12568"},{"taxonomy":"post_tag","embeddable":true,"href":"https:\/\/catolicanet.net\/wp-cnet\/wp-json\/wp\/v2\/tags?post=12568"}],"curies":[{"name":"wp","href":"https:\/\/api.w.org\/{rel}","templated":true}]}}