{"id":12567,"date":"2015-12-07T17:12:14","date_gmt":"2015-12-07T19:12:14","guid":{"rendered":"http:\/\/catolicanet.net\/wp-cnet\/2015\/12\/07\/delegacao-eclesial-sul-coreana-visita-coreia-do-norte\/"},"modified":"2017-06-02T10:11:49","modified_gmt":"2017-06-02T13:11:49","slug":"delegacao-eclesial-sul-coreana-visita-coreia-do-norte","status":"publish","type":"post","link":"https:\/\/catolicanet.net\/wp-cnet\/delegacao-eclesial-sul-coreana-visita-coreia-do-norte\/","title":{"rendered":"Delega\u00e7\u00e3o eclesial sul-coreana visita Coreia do Norte"},"content":{"rendered":"<p style=\"text-align: justify;\"><img decoding=\"async\" src=\"http:\/\/catolicanet.com.br\/images\/stories\/epa1473141_articolo.jpg\" border=\"0\" align=\"left\" \/>Concluiu-se na sexta-feira, 4 de dezembro, a visita realizada \u00e0 Coreia do Norte de uma delega\u00e7\u00e3o da Igreja na Coreia do Sul. Os 17 participantes, tanto na ida quanto na volta, fizeram escala na China.<\/p>\n<p>A delega\u00e7\u00e3o, que incluia 4 bispos que guiam dioceses coreanas, foi oficialmente convidada pela Associa\u00e7\u00e3o Cat\u00f3lica da Coreia, organismo que responde ao regime norte-coreano. Antes da partida, Dom Kim Hee-joong, Arcebispo de Gwangju, manifestou aos meios de comunica\u00e7\u00e3o coreanos o desejo \u201cde que no futuro sempre mais sacerdotes sul-coreanos possam ir \u00e0 Coreia do Norte celebrar a missa\u201d.<\/p>\n<p>Durante a visita, os bispos e sacerdotes da delega\u00e7\u00e3o procuraram obter not\u00edcias sobre a consist\u00eancia real das comunidades cat\u00f3licas que estariam ainda presentes na Coreia do Norte, depois de d\u00e9cadas passadas sem sacerdotes para celebrar a missa e confessar. <\/p>\n<p>Falou-se tamb\u00e9m sobre a reconstru\u00e7\u00e3o de uma Igreja em Pyeongyang. Os membros da delega\u00e7\u00e3o tamb\u00e9m tiveram um encontro de di\u00e1logo com Kim Yong Dae, vice-presidente da Suprema Assembleia do Povo da Coreia do Norte, sobre como melhorar as rela\u00e7\u00f5es entre as duas Coreias. <\/p>\n<p>No passado, outros bispos sul-coreanos visitaram a Coreia do Norte, mas desde os tempos da divis\u00e3o, esta \u00e9 a primeira vez que uma delega\u00e7\u00e3o eclesial sul-coreana t\u00e3o numerosa e de alto n\u00edvel visita o norte da pen\u00ednsula. A viagem oficial al\u00e9m-fronteiras da delega\u00e7\u00e3o sul-coreana um significado ainda mais importante \u00e0 luz do papel cada vez mais intenso que a Igreja sul-coreana quer desempenhar no campo da reconcilia\u00e7\u00e3o nacional e da poss\u00edvel reunifica\u00e7\u00e3o das duas Coreias.<\/p>\n<p>\u201cOcorre refor\u00e7ar esta plataforma de reconcilia\u00e7\u00e3o intensificando interc\u00e2mbios e colabora\u00e7\u00f5es. As gera\u00e7\u00f5es que sofreram com separa\u00e7\u00f5es e a guerra civil devem ter curadas suas feridas abertas; entre os jovens, existe o crescente risco de uma indiferen\u00e7a diante do desejo de reunir o povo coreano\u201d, explica \u00e0 Ag\u00eancia Fides padre Timothy Lee Eun-hyung, secret\u00e1rio do Comit\u00ea dos bispos pela reconcilia\u00e7\u00e3o do povo coreano e capel\u00e3o da \u201cigreja do arrependimento e da reden\u00e7\u00e3o\u201d, inaugurada em 2013 a poucos km do confim, aonde todas as semanas se realizam ora\u00e7\u00f5es e liturgias para invocar o dom da reunifica\u00e7\u00e3o.<\/p>\n<p>\u201c\u00c9 preciso colocar de lado comportamentos agressivos e caminhar no percurso da inclus\u00e3o, do perd\u00e3o e da reconcilia\u00e7\u00e3o, como nos indicou o Papa Francisco, quando esteve na Coreia\u201d, acrescenta padre Timothy.<\/p>\n<p style=\"text-align: justify;\">Fonte: R\u00e1dio Vaticano<\/p>\n","protected":false},"excerpt":{"rendered":"<p>Concluiu-se na sexta-feira, 4 de dezembro, a visita realizada \u00e0 Coreia do Norte de uma delega\u00e7\u00e3o da Igreja na Coreia do Sul. Os 17 participantes, tanto na ida quanto na volta, fizeram escala na China. A delega\u00e7\u00e3o, que incluia 4 bispos que guiam dioceses coreanas, foi oficialmente convidada pela Associa\u00e7\u00e3o Cat\u00f3lica da Coreia, organismo que [&hellip;]<\/p>\n","protected":false},"author":1,"featured_media":0,"comment_status":"open","ping_status":"open","sticky":false,"template":"","format":"standard","meta":{"footnotes":""},"categories":[3],"tags":[],"class_list":["post-12567","post","type-post","status-publish","format-standard","hentry","category-vaticano"],"_links":{"self":[{"href":"https:\/\/catolicanet.net\/wp-cnet\/wp-json\/wp\/v2\/posts\/12567","targetHints":{"allow":["GET"]}}],"collection":[{"href":"https:\/\/catolicanet.net\/wp-cnet\/wp-json\/wp\/v2\/posts"}],"about":[{"href":"https:\/\/catolicanet.net\/wp-cnet\/wp-json\/wp\/v2\/types\/post"}],"author":[{"embeddable":true,"href":"https:\/\/catolicanet.net\/wp-cnet\/wp-json\/wp\/v2\/users\/1"}],"replies":[{"embeddable":true,"href":"https:\/\/catolicanet.net\/wp-cnet\/wp-json\/wp\/v2\/comments?post=12567"}],"version-history":[{"count":1,"href":"https:\/\/catolicanet.net\/wp-cnet\/wp-json\/wp\/v2\/posts\/12567\/revisions"}],"predecessor-version":[{"id":27850,"href":"https:\/\/catolicanet.net\/wp-cnet\/wp-json\/wp\/v2\/posts\/12567\/revisions\/27850"}],"wp:attachment":[{"href":"https:\/\/catolicanet.net\/wp-cnet\/wp-json\/wp\/v2\/media?parent=12567"}],"wp:term":[{"taxonomy":"category","embeddable":true,"href":"https:\/\/catolicanet.net\/wp-cnet\/wp-json\/wp\/v2\/categories?post=12567"},{"taxonomy":"post_tag","embeddable":true,"href":"https:\/\/catolicanet.net\/wp-cnet\/wp-json\/wp\/v2\/tags?post=12567"}],"curies":[{"name":"wp","href":"https:\/\/api.w.org\/{rel}","templated":true}]}}