{"id":12551,"date":"2015-12-04T16:22:27","date_gmt":"2015-12-04T18:22:27","guid":{"rendered":"http:\/\/catolicanet.net\/wp-cnet\/2015\/12\/04\/papa-encoraja-os-membros-do-conselho-para-a-economia-vaticana-2\/"},"modified":"2017-06-02T11:48:12","modified_gmt":"2017-06-02T14:48:12","slug":"papa-encoraja-os-membros-do-conselho-para-a-economia-vaticana-2","status":"publish","type":"post","link":"https:\/\/catolicanet.net\/wp-cnet\/papa-encoraja-os-membros-do-conselho-para-a-economia-vaticana-2\/","title":{"rendered":"Papa encoraja os membros do Conselho para a Economia Vaticana"},"content":{"rendered":"<p style=\"text-align: justify;\"><img decoding=\"async\" src=\"http:\/\/catolicanet.com.br\/images\/stories\/ossrom89369_articolo.jpg\" border=\"0\" align=\"left\" \/>&#8220;O motivo da minha presen\u00e7a \u00e9 encorajar e agradecer pessoalmente aos membros do Conselho para o importante papel que t\u00eam no desempenho da supervis\u00e3o das estruturas administrativas e financeiras da<\/p>\n<p style=\"text-align: justify;\">O Santo Padre participou, na tarde desta quinta-feira (03\/12), no Vaticano, da Reuni\u00e3o do Conselho para a Economia da Santa S\u00e9.<\/p>\n<p>No in\u00edcio do encontro, o Papa explicou o porqu\u00ea da sua participa\u00e7\u00e3o na reuni\u00e3o: \u201cO motivo da minha presen\u00e7a \u00e9 encorajar e agradecer pessoalmente aos membros do Conselho para o importante papel que t\u00eam no desempenho da supervis\u00e3o das estruturas administrativas e financeiras da Santa S\u00e9\u201d.<\/p>\n<p>Al\u00e9m disso, o Santo Padre confirmou \u201co papel central do Conselho neste trabalho de reforma, que conta com o seu compromisso pessoal\u201d.<\/p>\n<p>Por sua vez, o Cardeal. Reinhard Marx, Coordenador do Conselho, agradeceu calorosamente ao Santo Padre, em nome do Conselho, por sua presen\u00e7a na reuni\u00e3o; ele reafirmou seu pleno compromisso na implementa\u00e7\u00e3o das reformas financeiras e processos administrativos promovidos pelo Papa Francisco.<\/p>\n<p>Desde a sua cria\u00e7\u00e3o, o Conselho para a Economia tem empregado tempo e energia consider\u00e1veis na avalia\u00e7\u00e3o e poss\u00edvel implementa\u00e7\u00e3o de medidas destinadas \u00e0 transpar\u00eancia e a uma gest\u00e3o mais eficaz dos recursos da Santa S\u00e9\u201d.<\/p>\n<p style=\"text-align: justify;\">Fonte: R\u00e1dio Vaticano<\/p>\n","protected":false},"excerpt":{"rendered":"<p>&#8220;O motivo da minha presen\u00e7a \u00e9 encorajar e agradecer pessoalmente aos membros do Conselho para o importante papel que t\u00eam no desempenho da supervis\u00e3o das estruturas administrativas e financeiras da O Santo Padre participou, na tarde desta quinta-feira (03\/12), no Vaticano, da Reuni\u00e3o do Conselho para a Economia da Santa S\u00e9. No in\u00edcio do encontro, [&hellip;]<\/p>\n","protected":false},"author":1,"featured_media":0,"comment_status":"open","ping_status":"open","sticky":false,"template":"","format":"standard","meta":{"footnotes":""},"categories":[3],"tags":[],"class_list":["post-12551","post","type-post","status-publish","format-standard","hentry","category-vaticano"],"_links":{"self":[{"href":"https:\/\/catolicanet.net\/wp-cnet\/wp-json\/wp\/v2\/posts\/12551","targetHints":{"allow":["GET"]}}],"collection":[{"href":"https:\/\/catolicanet.net\/wp-cnet\/wp-json\/wp\/v2\/posts"}],"about":[{"href":"https:\/\/catolicanet.net\/wp-cnet\/wp-json\/wp\/v2\/types\/post"}],"author":[{"embeddable":true,"href":"https:\/\/catolicanet.net\/wp-cnet\/wp-json\/wp\/v2\/users\/1"}],"replies":[{"embeddable":true,"href":"https:\/\/catolicanet.net\/wp-cnet\/wp-json\/wp\/v2\/comments?post=12551"}],"version-history":[{"count":1,"href":"https:\/\/catolicanet.net\/wp-cnet\/wp-json\/wp\/v2\/posts\/12551\/revisions"}],"predecessor-version":[{"id":28320,"href":"https:\/\/catolicanet.net\/wp-cnet\/wp-json\/wp\/v2\/posts\/12551\/revisions\/28320"}],"wp:attachment":[{"href":"https:\/\/catolicanet.net\/wp-cnet\/wp-json\/wp\/v2\/media?parent=12551"}],"wp:term":[{"taxonomy":"category","embeddable":true,"href":"https:\/\/catolicanet.net\/wp-cnet\/wp-json\/wp\/v2\/categories?post=12551"},{"taxonomy":"post_tag","embeddable":true,"href":"https:\/\/catolicanet.net\/wp-cnet\/wp-json\/wp\/v2\/tags?post=12551"}],"curies":[{"name":"wp","href":"https:\/\/api.w.org\/{rel}","templated":true}]}}