{"id":12549,"date":"2015-12-04T16:05:00","date_gmt":"2015-12-04T18:05:00","guid":{"rendered":"http:\/\/catolicanet.net\/wp-cnet\/2015\/12\/04\/o-papa-destaca-a-contribuicao-essencial-das-mulheres-trabalhadoras\/"},"modified":"2017-05-31T15:57:59","modified_gmt":"2017-05-31T18:57:59","slug":"o-papa-destaca-a-contribuicao-essencial-das-mulheres-trabalhadoras","status":"publish","type":"post","link":"https:\/\/catolicanet.net\/wp-cnet\/o-papa-destaca-a-contribuicao-essencial-das-mulheres-trabalhadoras\/","title":{"rendered":"O Papa destaca a contribui\u00e7\u00e3o essencial das mulheres trabalhadoras"},"content":{"rendered":"<p style=\"text-align: justify;\">O Pontif\u00edcio Conselho para os Leigos realiza nesta sexta-feira e s\u00e1bado um semin\u00e1rio internacional sobre &#8220;Mulheres e Trabalho&#8221;, no qual se analizar\u00e3o as consequ\u00eancias da atual dicotomia entre as demandas da fam\u00edlia e a organiza\u00e7\u00e3o do trabalho<\/p>\n<p>\u00c9 necess\u00e1rio &#8220;afirmar o papel indispens\u00e1vel da mulher na fam\u00edlia e na educa\u00e7\u00e3o dos filhos, bem como o contributo essencial das mulheres trabalhadoras na constru\u00e7\u00e3o de estruturas econ\u00f4micas e pol\u00edticas ricas de humanidade\u201d. Assim garante o papa Francisco em uma mensagem, assinada pelo cardeal secret\u00e1rio de Estado, Pietro Parolin, enviado ao semin\u00e1rio internacional de estudo promovido pelo Pontif\u00edcio Conselho para os Leigos, sobre o tema &#8220;Mulheres e Trabalho&#8221;.<\/p>\n<p>Assim, o Santo Padre convida a localizar &#8220;sugest\u00f5es e modelos positivos concretos para harmonizar compromissos laborais e exig\u00eancias familiares\u201d, no contexto da dicotomia atual entre a vida da fam\u00edlia e a organiza\u00e7\u00e3o do trabalho.<\/p>\n<p>Em um comunicado do dicast\u00e9rio, recorda-se que \u201choje \u00e9 necess\u00e1rio afirmar um duplo reconhecimento do importante papel que a mulher exerce na vida p\u00fablica, para a edifica\u00e7\u00e3o de estruturas mais ricas de humanidade, e na vida familiar, para o bem-estar da pr\u00f3pria fam\u00edlia e a educa\u00e7\u00e3o dos filhos\u201d.<\/p>\n<p>Tamb\u00e9m, explicam que o semin\u00e1rio tem como objetivo indagar sobre as causas e consequ\u00eancias da atual dicotomia entre exig\u00eancias familiares e organiza\u00e7\u00e3o do trabalho. Tamb\u00e9m se buscar\u00e1 \u201canalisar e considerar caminhos para sair do aut-aut de muitas mulheres hoje, e propor solu\u00e7\u00f5es inovadoras para um et-et que permitam conjugar compromisso de trabalho e familiares\u201d. Ser\u00e3o consideradas propostas \u2013 informa o comunicado \u2013 para uma maior valoriza\u00e7\u00e3o do trabalho feminino, de forma que se superem as discrimina\u00e7\u00f5es \u00e0 qual ainda s\u00e3o objeto as trabalhadoras, como a penaliza\u00e7\u00e3o pela maternidade e a desigualdade do sal\u00e1rio.<\/p>\n<p>Por outro lado, se refletir\u00e1 \u201csobre como destacar o insubstitu\u00edvel servi\u00e7o que s\u00f3 o g\u00eanio feminino sabe oferecer ao g\u00eanero humano, para o crescimento de cada pessoa e a constru\u00e7\u00e3o da sociedade\u201d.<\/p>\n<p>O semin\u00e1rio trar\u00e1 palestrantes ilustres de nove nacionalidades e prev\u00ea amplos espa\u00e7os de discuss\u00e3o para permitir a participa\u00e7\u00e3o de todos os presentes nos trabalhos.<\/p>\n<p style=\"text-align: justify;\">Fonte: Zenit<\/p>\n","protected":false},"excerpt":{"rendered":"<p>O Pontif\u00edcio Conselho para os Leigos realiza nesta sexta-feira e s\u00e1bado um semin\u00e1rio internacional sobre &#8220;Mulheres e Trabalho&#8221;, no qual se analizar\u00e3o as consequ\u00eancias da atual dicotomia entre as demandas da fam\u00edlia e a organiza\u00e7\u00e3o do trabalho \u00c9 necess\u00e1rio &#8220;afirmar o papel indispens\u00e1vel da mulher na fam\u00edlia e na educa\u00e7\u00e3o dos filhos, bem como o [&hellip;]<\/p>\n","protected":false},"author":1,"featured_media":0,"comment_status":"open","ping_status":"open","sticky":false,"template":"","format":"standard","meta":{"footnotes":""},"categories":[4],"tags":[],"class_list":["post-12549","post","type-post","status-publish","format-standard","hentry","category-cotidiano"],"_links":{"self":[{"href":"https:\/\/catolicanet.net\/wp-cnet\/wp-json\/wp\/v2\/posts\/12549","targetHints":{"allow":["GET"]}}],"collection":[{"href":"https:\/\/catolicanet.net\/wp-cnet\/wp-json\/wp\/v2\/posts"}],"about":[{"href":"https:\/\/catolicanet.net\/wp-cnet\/wp-json\/wp\/v2\/types\/post"}],"author":[{"embeddable":true,"href":"https:\/\/catolicanet.net\/wp-cnet\/wp-json\/wp\/v2\/users\/1"}],"replies":[{"embeddable":true,"href":"https:\/\/catolicanet.net\/wp-cnet\/wp-json\/wp\/v2\/comments?post=12549"}],"version-history":[{"count":1,"href":"https:\/\/catolicanet.net\/wp-cnet\/wp-json\/wp\/v2\/posts\/12549\/revisions"}],"predecessor-version":[{"id":26983,"href":"https:\/\/catolicanet.net\/wp-cnet\/wp-json\/wp\/v2\/posts\/12549\/revisions\/26983"}],"wp:attachment":[{"href":"https:\/\/catolicanet.net\/wp-cnet\/wp-json\/wp\/v2\/media?parent=12549"}],"wp:term":[{"taxonomy":"category","embeddable":true,"href":"https:\/\/catolicanet.net\/wp-cnet\/wp-json\/wp\/v2\/categories?post=12549"},{"taxonomy":"post_tag","embeddable":true,"href":"https:\/\/catolicanet.net\/wp-cnet\/wp-json\/wp\/v2\/tags?post=12549"}],"curies":[{"name":"wp","href":"https:\/\/api.w.org\/{rel}","templated":true}]}}