{"id":12545,"date":"2015-12-04T15:41:38","date_gmt":"2015-12-04T17:41:38","guid":{"rendered":"http:\/\/catolicanet.net\/wp-cnet\/2015\/12\/04\/loucura-de-esperanca-amor-e-fe-universidade-catolica-vai-abrir-novo-campus-em-pleno-iraque-assolado-pelo-jihadismo\/"},"modified":"2017-05-30T13:19:39","modified_gmt":"2017-05-30T16:19:39","slug":"loucura-de-esperanca-amor-e-fe-universidade-catolica-vai-abrir-novo-campus-em-pleno-iraque-assolado-pelo-jihadismo","status":"publish","type":"post","link":"https:\/\/catolicanet.net\/wp-cnet\/loucura-de-esperanca-amor-e-fe-universidade-catolica-vai-abrir-novo-campus-em-pleno-iraque-assolado-pelo-jihadismo\/","title":{"rendered":"Loucura de esperan\u00e7a, amor e f\u00e9: Universidade Cat\u00f3lica vai abrir novo campus \u2013 em pleno Iraque assolado pelo jihadismo"},"content":{"rendered":"<p style=\"text-align: justify;\"><img decoding=\"async\" src=\"http:\/\/catolicanet.com.br\/images\/stories\/erbil-iraq-c.jpg\" border=\"0\" align=\"left\" \/>Corajoso centro de estudos ser\u00e1 aberto em Erbil nesta ter\u00e7a, pleno dia da Imaculada Concei\u00e7\u00e3o!<\/p>\n<p>A ag\u00eancia Fides informou nesta quinta-feira que a arquidiocese cat\u00f3lica caldeia de Erbil, no Iraque, abrir\u00e1 na pr\u00f3xima ter\u00e7a-feira, 8 de dezembro, dia da Imaculada Concei\u00e7\u00e3o, um novo campus da Universidade Cat\u00f3lica no norte do pa\u00eds, regi\u00e3o amea\u00e7ada pelos terroristas do sanguin\u00e1rio grupo Estado Isl\u00e2mico.<\/p>\n<p>O convite para a cerim\u00f4nia de abertura do campus define a universidade como \u201cum caminho de educa\u00e7\u00e3o que levar\u00e1 muitos a um futuro de paz e prosperidade\u201d.<\/p>\n<p>Erbil \u00e9 a capital do Curdist\u00e3o iraquiano e abriga hoje de 125.000 a 150.000 refugiados internos que tiveram de fugir de Mossul e de v\u00e1rias aldeias da Plan\u00edcie de N\u00ednive quando o Estado Isl\u00e2mico invadiram a regi\u00e3o. Na grande maioria, os deslocados internos s\u00e3o crist\u00e3os.<\/p>\n<p>A primeira pedra da universidade foi colocada em Ankawa, um sub\u00farbio de Erbil, no dia 20 de outubro de 2012, antes da ascens\u00e3o do EI.<\/p>\n<p>Os primeiros contatos de dom Bashar Warda, o arcebispo cat\u00f3lico caldeu de Erbil e grande patrono da iniciativa, foram feitos com a Universidade Saint-Esprit de Kaslik, renomada faculdade fundada no L\u00edbano pela Ordem Maronita Libanesa. Dom Warda pediu ajuda e orienta\u00e7\u00e3o para realizar o projeto, que deveria ser aberto a todos e intimamente associado com a pesquisa cient\u00edfica.<\/p>\n<p>Desde o in\u00edcio, o arcebispo queria concluir os trabalhos antes do final de 2015, para permitir que os jovens crist\u00e3os iraquianos \u201ccontinuassem testemunhando o dom da f\u00e9 em seu pr\u00f3prio pa\u00eds\u201d. As convuls\u00f5es dram\u00e1ticas no norte do Iraque transformaram precisamente Ankawa em ref\u00fagio para milhares de crist\u00e3os expulsos pelo avan\u00e7o dos jihadistas, mas n\u00e3o impediram que o projeto tamb\u00e9m avan\u00e7asse.<\/p>\n<p>\u00c9 um sinal eloquente de que os crist\u00e3os iraquianos, apesar de tudo, ainda acreditam na possibilidade de um futuro de paz e de f\u00e9 em Cristo, em harmonia com os compatriotas mu\u00e7ulmanos e de outras cren\u00e7as religiosas.<\/p>\n<p style=\"text-align: justify;\">Fonte: Aleteia<\/p>\n","protected":false},"excerpt":{"rendered":"<p>Corajoso centro de estudos ser\u00e1 aberto em Erbil nesta ter\u00e7a, pleno dia da Imaculada Concei\u00e7\u00e3o! A ag\u00eancia Fides informou nesta quinta-feira que a arquidiocese cat\u00f3lica caldeia de Erbil, no Iraque, abrir\u00e1 na pr\u00f3xima ter\u00e7a-feira, 8 de dezembro, dia da Imaculada Concei\u00e7\u00e3o, um novo campus da Universidade Cat\u00f3lica no norte do pa\u00eds, regi\u00e3o amea\u00e7ada pelos terroristas [&hellip;]<\/p>\n","protected":false},"author":1,"featured_media":0,"comment_status":"open","ping_status":"open","sticky":false,"template":"","format":"standard","meta":{"footnotes":""},"categories":[4],"tags":[],"class_list":["post-12545","post","type-post","status-publish","format-standard","hentry","category-cotidiano"],"_links":{"self":[{"href":"https:\/\/catolicanet.net\/wp-cnet\/wp-json\/wp\/v2\/posts\/12545","targetHints":{"allow":["GET"]}}],"collection":[{"href":"https:\/\/catolicanet.net\/wp-cnet\/wp-json\/wp\/v2\/posts"}],"about":[{"href":"https:\/\/catolicanet.net\/wp-cnet\/wp-json\/wp\/v2\/types\/post"}],"author":[{"embeddable":true,"href":"https:\/\/catolicanet.net\/wp-cnet\/wp-json\/wp\/v2\/users\/1"}],"replies":[{"embeddable":true,"href":"https:\/\/catolicanet.net\/wp-cnet\/wp-json\/wp\/v2\/comments?post=12545"}],"version-history":[{"count":1,"href":"https:\/\/catolicanet.net\/wp-cnet\/wp-json\/wp\/v2\/posts\/12545\/revisions"}],"predecessor-version":[{"id":24553,"href":"https:\/\/catolicanet.net\/wp-cnet\/wp-json\/wp\/v2\/posts\/12545\/revisions\/24553"}],"wp:attachment":[{"href":"https:\/\/catolicanet.net\/wp-cnet\/wp-json\/wp\/v2\/media?parent=12545"}],"wp:term":[{"taxonomy":"category","embeddable":true,"href":"https:\/\/catolicanet.net\/wp-cnet\/wp-json\/wp\/v2\/categories?post=12545"},{"taxonomy":"post_tag","embeddable":true,"href":"https:\/\/catolicanet.net\/wp-cnet\/wp-json\/wp\/v2\/tags?post=12545"}],"curies":[{"name":"wp","href":"https:\/\/api.w.org\/{rel}","templated":true}]}}