{"id":12544,"date":"2015-12-04T15:34:48","date_gmt":"2015-12-04T17:34:48","guid":{"rendered":"http:\/\/catolicanet.net\/wp-cnet\/2015\/12\/04\/resgatando-o-verdadeiro-natal-com-presepio-de-massinha-de-modelar\/"},"modified":"2017-05-31T16:31:43","modified_gmt":"2017-05-31T19:31:43","slug":"resgatando-o-verdadeiro-natal-com-presepio-de-massinha-de-modelar","status":"publish","type":"post","link":"https:\/\/catolicanet.net\/wp-cnet\/resgatando-o-verdadeiro-natal-com-presepio-de-massinha-de-modelar\/","title":{"rendered":"Resgatando o verdadeiro Natal\u2026 com pres\u00e9pio de massinha de modelar"},"content":{"rendered":"<p style=\"text-align: justify;\"><img decoding=\"async\" src=\"http:\/\/catolicanet.com.br\/images\/stories\/presc3a.png\" border=\"0\" align=\"left\" \/>Pais e filhos, juntos, brincando, aprendendo, ensinando e rezando, tudo ao mesmo tempo e na pr\u00e1tica!<\/p>\n<p>Uma sugest\u00e3o simples e bel\u00edssima para viver o Advento em fam\u00edlia com as crian\u00e7as:<\/p>\n<p>Que tal montar com elas um pres\u00e9pio feito de massinha de modelar?<\/p>\n<p>Nessa atividade t\u00e3o singela, aninha-se uma quantidade extraordin\u00e1ria de valores:<\/p>\n<p>\u2013 Uni\u00e3o familiar: todos juntos fazendo a mesma tarefa em equipe;<\/p>\n<p>\u2013 Proximidade entre pais e filhos: \u00e9 a maior de todas as necessidades das crian\u00e7as!<\/p>\n<p>\u2013 Cultura: \u00e9 uma forma pr\u00e1tica de contar a hist\u00f3ria de Jesus, Maria e Jos\u00e9 e seu contexto hist\u00f3rico e geogr\u00e1fico<\/p>\n<p>\u2013 F\u00e9: \u00e9 um jeito vivo e pessoal de entrar em contato com a Hist\u00f3ria da Salva\u00e7\u00e3o;<\/p>\n<p>\u2013 Esperan\u00e7a: mais que uma hist\u00f3ria, o nascimento de Jesus \u00e9 uma promessa para quem cr\u00ea;<\/p>\n<p>\u2013 Caridade: o amor em fam\u00edlia se manifesta nos momentos de partilha e comunh\u00e3o;<\/p>\n<p>\u2013 Educa\u00e7\u00e3o f\u00edsica: todos trabalham a coordena\u00e7\u00e3o motora \u2013 e, de quebra, por que n\u00e3o ensinar tamb\u00e9m a boa postura corporal ao estar sentados?<\/p>\n<p>\u2013 Atividade intelectual: todos trabalham a imagina\u00e7\u00e3o e as crian\u00e7as assimilam palavras e conceitos talvez desconhecidos para elas, como \u201cmanjedoura\u201d ou \u201ccocho\u201d, \u201cestrebaria\u201d, \u201cnatividade\u201d, \u201cgruta\u201d, \u201creis magos\u201d, \u201cmirra\u201d\u2026<\/p>\n<p>\u2013 Humildade: a hist\u00f3ria do Menino Deus nascido em mis\u00e9ria \u00e9 uma li\u00e7\u00e3o arrasadora para dominar a soberba;<\/p>\n<p>\u2013 Solidariedade: saber que h\u00e1 crian\u00e7as nascendo em tamanha pobreza at\u00e9 hoje \u00e9 uma oportunidade magn\u00edfica de aprender que \u00e9 necess\u00e1rio ajudar o pr\u00f3ximo tamb\u00e9m materialmente;<\/p>\n<p>\u2013 Ora\u00e7\u00e3o: aprende-se que tamb\u00e9m as atividades do dia-a-dia podem ser transformadas em ora\u00e7\u00e3o quando s\u00e3o feitas na companhia de Jesus!\u2026<\/p>\n<p>E muitos outros valores que voc\u00ea mesmo vai descobrir \u2013 na pr\u00e1tica!<\/p>\n<p>Vamos tentar?<\/p>\n<p style=\"text-align: justify;\">Fonte: Aleteia<\/p>\n","protected":false},"excerpt":{"rendered":"<p>Pais e filhos, juntos, brincando, aprendendo, ensinando e rezando, tudo ao mesmo tempo e na pr\u00e1tica! Uma sugest\u00e3o simples e bel\u00edssima para viver o Advento em fam\u00edlia com as crian\u00e7as: Que tal montar com elas um pres\u00e9pio feito de massinha de modelar? Nessa atividade t\u00e3o singela, aninha-se uma quantidade extraordin\u00e1ria de valores: \u2013 Uni\u00e3o familiar: [&hellip;]<\/p>\n","protected":false},"author":1,"featured_media":0,"comment_status":"open","ping_status":"open","sticky":false,"template":"","format":"standard","meta":{"footnotes":""},"categories":[4],"tags":[],"class_list":["post-12544","post","type-post","status-publish","format-standard","hentry","category-cotidiano"],"_links":{"self":[{"href":"https:\/\/catolicanet.net\/wp-cnet\/wp-json\/wp\/v2\/posts\/12544","targetHints":{"allow":["GET"]}}],"collection":[{"href":"https:\/\/catolicanet.net\/wp-cnet\/wp-json\/wp\/v2\/posts"}],"about":[{"href":"https:\/\/catolicanet.net\/wp-cnet\/wp-json\/wp\/v2\/types\/post"}],"author":[{"embeddable":true,"href":"https:\/\/catolicanet.net\/wp-cnet\/wp-json\/wp\/v2\/users\/1"}],"replies":[{"embeddable":true,"href":"https:\/\/catolicanet.net\/wp-cnet\/wp-json\/wp\/v2\/comments?post=12544"}],"version-history":[{"count":1,"href":"https:\/\/catolicanet.net\/wp-cnet\/wp-json\/wp\/v2\/posts\/12544\/revisions"}],"predecessor-version":[{"id":27096,"href":"https:\/\/catolicanet.net\/wp-cnet\/wp-json\/wp\/v2\/posts\/12544\/revisions\/27096"}],"wp:attachment":[{"href":"https:\/\/catolicanet.net\/wp-cnet\/wp-json\/wp\/v2\/media?parent=12544"}],"wp:term":[{"taxonomy":"category","embeddable":true,"href":"https:\/\/catolicanet.net\/wp-cnet\/wp-json\/wp\/v2\/categories?post=12544"},{"taxonomy":"post_tag","embeddable":true,"href":"https:\/\/catolicanet.net\/wp-cnet\/wp-json\/wp\/v2\/tags?post=12544"}],"curies":[{"name":"wp","href":"https:\/\/api.w.org\/{rel}","templated":true}]}}