{"id":12543,"date":"2015-12-04T15:25:31","date_gmt":"2015-12-04T17:25:31","guid":{"rendered":"http:\/\/catolicanet.net\/wp-cnet\/2015\/12\/04\/autoridades-investigam-se-tiroteio-na-california-teve-motivacao-terrorista\/"},"modified":"2017-05-30T13:21:28","modified_gmt":"2017-05-30T16:21:28","slug":"autoridades-investigam-se-tiroteio-na-california-teve-motivacao-terrorista","status":"publish","type":"post","link":"https:\/\/catolicanet.net\/wp-cnet\/autoridades-investigam-se-tiroteio-na-california-teve-motivacao-terrorista\/","title":{"rendered":"Autoridades investigam se tiroteio na Calif\u00f3rnia teve motiva\u00e7\u00e3o terrorista"},"content":{"rendered":"<p style=\"text-align: justify;\"><img decoding=\"async\" src=\"http:\/\/catolicanet.com.br\/images\/stories\/jiqehmpmegkfj.jpg\" border=\"0\" align=\"left\" \/>Casal, fortemente armado, abriu fogo contra colegas, causando 14 mortes; foi o pior massacre nos Estados Unidos nos \u00faltimos tr\u00eas anos<\/p>\n<p>Autoridades americanas procuravam nesta quinta-feira identificar as motiva\u00e7\u00f5es de um casal que matou 14 pessoas no dia anterior na Calif\u00f3rnia, em um tiroteio at\u00edpico, que se assemelha a um acesso de raiva contra colegas de trabalho ou a um ataque terrorista.<\/p>\n<p>O presidente Barack Obama afirmou nesta quinta-feira que a motiva\u00e7\u00e3o do tiroteio da v\u00e9spera na Calif\u00f3rnia ainda n\u00e3o \u00e9 conhecida, mas um ataque terrorista n\u00e3o est\u00e1 descartado.<\/p>\n<p>\u201cA esse ponto, n\u00e3o sabemos por que aconteceu. N\u00e3o sabemos a extens\u00e3o dos planos deles. N\u00e3o conhecemos suas motiva\u00e7\u00f5es\u201d.<\/p>\n<p>\u201c\u00c9 poss\u00edvel que tenha a ver com terrorismo. Mas n\u00e3o sabemos. E tamb\u00e9m \u00e9 poss\u00edvel que esteja relacionado com o ambiente de trabalho\u201d, acrescentou.<\/p>\n<p>Obama tamb\u00e9m ordenou que as bandeiras fiquem a meio mastro em fun\u00e7\u00e3o do tiroteio na Calif\u00f3rnia.<\/p>\n<p>Por que Syed Farook e sua esposa Tashfeen Malik invadiram, com toda a pompa de um comando, um pr\u00e9dio do servi\u00e7o social de San Bernardino, onde acontecia uma festa de fim de ano, depois de deixar o seu beb\u00ea com a av\u00f3?<\/p>\n<p>Os dois, fortemente armados, abriram fogo contra colegas de Farook, fazendo outros 17 feridos. O pior massacre nos Estados Unidos nos \u00faltimos tr\u00eas anos.<\/p>\n<p>O casal foi morto pela pol\u00edcia ap\u00f3s v\u00e1rias horas de persegui\u00e7\u00e3o em uma opera\u00e7\u00e3o gigantesca que mobilizou centenas de agentes locais, do FBI e unidades de elite da SWAT.<\/p>\n<p>O homem e a mulher, com 28 e 27 anos respectivamente, pareciam viver o \u201csonho americano\u201d e tinham uma filha de apenas seis meses, entregue \u00e0 m\u00e3e de Syed Farook no in\u00edcio do dia com o pretexto de uma consulta m\u00e9dica, de acordo com um irm\u00e3o do jovem.<\/p>\n<p>Farook, um cidad\u00e3o americano, havia trabalhado como especialista sanit\u00e1rio para os servi\u00e7os de sa\u00fade de San Bernardino, a leste da cidade de Los Angeles.<\/p>\n<p>Farook compareceu durante a manh\u00e3 \u00e0 festa de Natal que o condado de San Bernardino organizou para os funcion\u00e1rios no Centro Regional Inland, que atende pacientes com defici\u00eancia mental.<\/p>\n<p>Na festa, ele teria se desentendido com colegas e deixado o local, retornando mais tarde com sua esposa para perpetrar o massacre.<\/p>\n<p>Acesso de raiva<\/p>\n<p>Mas a hip\u00f3tese de \u201cum acesso de raiva\u201d casa mal com um ataque aparentemente planejado e organizado, por autores que a pol\u00edcia tem classificado de \u201cdeterminados\u201d.<\/p>\n<p>\u201cEu n\u00e3o acredito que eles tenham simplesmente pegado seu equipamento paramilitar e suas armas por um momento de raiva\u201d, considerou o chefe da pol\u00edcia local, Jarrod Burguan.<\/p>\n<p>O ataque \u201csup\u00f5e um grau de prepara\u00e7\u00e3o\u201d, acrescentou.<\/p>\n<p>A pol\u00edcia de San Bernardino, assim como o FBI, recusa-se a confirmar ou descartar a pista terrorista, evocando um ato similar a \u201cum tipo de terrorismo dom\u00e9stico\u201d.<\/p>\n<p>Os investigadores concentravam seus esfor\u00e7os nesta quinta-feira a decifrar as personalidades de Syed Farook e Tashfeen Malik.<\/p>\n<p>O primeiro era um mu\u00e7ulmano devoto, segundo seu pai, cuja fam\u00edlia \u00e9 origin\u00e1ria do Paquist\u00e3o.<\/p>\n<p>A mulher, tamb\u00e9m mu\u00e7ulmana, nasceu no Paquist\u00e3o e viveu na Ar\u00e1bia Saudita, onde foi apresentada a Farook.<\/p>\n<p>\u201cA fam\u00edlia parecia praticar uma religi\u00e3o moderada, de maneira s\u00e9ria, mas sem mostrar sinais de fanatismo, extremismo, do que eu posso dizer depois de ter encontrado alguns de seus membros\u201d, declarou \u00e0 r\u00e1dio p\u00fablica NPR Hussam Ayloush, um funcion\u00e1rio do Conselho de Rela\u00e7\u00f5es Americano-Isl\u00e2micas (CAIR) em Los Angeles.<\/p>\n<p>Casado h\u00e1 dois anos, o casal parecia desfrutar uma vida est\u00e1vel, tendo Farook uma boa situa\u00e7\u00e3o profissional.<\/p>\n<p>Embora n\u00e3o tenha sido estabelecida nenhuma rela\u00e7\u00e3o do ataque com uma ideologia ou cren\u00e7a religiosa, a comunidade mu\u00e7ulmana da Calif\u00f3rnia condenou firmemente o ataque em uma coletiva de imprensa improvisada.<\/p>\n<p>Frustra\u00e7\u00e3o<\/p>\n<p>O cunhado de Farook, Farhan Khan, afirmou em uma entrevista na sede do Conselho de Rela\u00e7\u00f5es Americano-Isl\u00e2micas (CAIR) em Anaheim, ao sul de Los Angeles, \u201cn\u00e3o ter ideia de por qu\u00ea ele fez isto\u201d. \u201cEu estou chocado\u201d, acrescentou.<\/p>\n<p>As investiga\u00e7\u00f5es tamb\u00e9m se concentram nas circunst\u00e2ncias do ataque.<\/p>\n<p>\u201cSob certo \u00e2ngulo, parece se tratar de um funcion\u00e1rio frustrado, que foi a uma festa e enlouqueceu\u201d, comenta Shawn Henry, um ex-oficial do FBI.<\/p>\n<p>\u201cDe outra perspectiva, \u00e9 de impressionar os sinais que lembram o terrorismo\u201d. E explicar: \u201cquando nos perguntamos se \u00e9 ou n\u00e3o \u00e9 um ato de terrorismo, precisamos analisar a opera\u00e7\u00e3o. Aqui eles tinham rifles de assalto, tinham coletes \u00e0 prova de balas e explosivos. s\u00e3o elementos sintom\u00e1ticos\u201d.<\/p>\n<p>At\u00e9 27 de novembro, os Estados Unidos foram palco de 351 tiroteios de massa em 2015, mais de um por dia, de acordo com o site Shootingtracker, que contabiliza todos os incidentes deste tipo.<\/p>\n<p style=\"text-align: justify;\">Fonte: Aleteia<\/p>\n","protected":false},"excerpt":{"rendered":"<p>Casal, fortemente armado, abriu fogo contra colegas, causando 14 mortes; foi o pior massacre nos Estados Unidos nos \u00faltimos tr\u00eas anos Autoridades americanas procuravam nesta quinta-feira identificar as motiva\u00e7\u00f5es de um casal que matou 14 pessoas no dia anterior na Calif\u00f3rnia, em um tiroteio at\u00edpico, que se assemelha a um acesso de raiva contra colegas [&hellip;]<\/p>\n","protected":false},"author":1,"featured_media":0,"comment_status":"open","ping_status":"open","sticky":false,"template":"","format":"standard","meta":{"footnotes":""},"categories":[4],"tags":[],"class_list":["post-12543","post","type-post","status-publish","format-standard","hentry","category-cotidiano"],"_links":{"self":[{"href":"https:\/\/catolicanet.net\/wp-cnet\/wp-json\/wp\/v2\/posts\/12543","targetHints":{"allow":["GET"]}}],"collection":[{"href":"https:\/\/catolicanet.net\/wp-cnet\/wp-json\/wp\/v2\/posts"}],"about":[{"href":"https:\/\/catolicanet.net\/wp-cnet\/wp-json\/wp\/v2\/types\/post"}],"author":[{"embeddable":true,"href":"https:\/\/catolicanet.net\/wp-cnet\/wp-json\/wp\/v2\/users\/1"}],"replies":[{"embeddable":true,"href":"https:\/\/catolicanet.net\/wp-cnet\/wp-json\/wp\/v2\/comments?post=12543"}],"version-history":[{"count":1,"href":"https:\/\/catolicanet.net\/wp-cnet\/wp-json\/wp\/v2\/posts\/12543\/revisions"}],"predecessor-version":[{"id":24554,"href":"https:\/\/catolicanet.net\/wp-cnet\/wp-json\/wp\/v2\/posts\/12543\/revisions\/24554"}],"wp:attachment":[{"href":"https:\/\/catolicanet.net\/wp-cnet\/wp-json\/wp\/v2\/media?parent=12543"}],"wp:term":[{"taxonomy":"category","embeddable":true,"href":"https:\/\/catolicanet.net\/wp-cnet\/wp-json\/wp\/v2\/categories?post=12543"},{"taxonomy":"post_tag","embeddable":true,"href":"https:\/\/catolicanet.net\/wp-cnet\/wp-json\/wp\/v2\/tags?post=12543"}],"curies":[{"name":"wp","href":"https:\/\/api.w.org\/{rel}","templated":true}]}}