{"id":12541,"date":"2015-12-04T13:18:30","date_gmt":"2015-12-04T15:18:30","guid":{"rendered":"http:\/\/catolicanet.net\/wp-cnet\/2015\/12\/04\/cardeal-claudio-hummes-vencer-a-crise-do-clima\/"},"modified":"2017-06-02T10:00:22","modified_gmt":"2017-06-02T13:00:22","slug":"cardeal-claudio-hummes-vencer-a-crise-do-clima","status":"publish","type":"post","link":"https:\/\/catolicanet.net\/wp-cnet\/cardeal-claudio-hummes-vencer-a-crise-do-clima\/","title":{"rendered":"Cardeal Cl\u00e1udio Hummes: vencer a crise do clima"},"content":{"rendered":"<p style=\"text-align: justify;\"><img decoding=\"async\" src=\"http:\/\/catolicanet.com.br\/images\/stories\/other526268_articolo.jpg\" border=\"0\" align=\"left\" \/>A COP 21 \u2013 a Confer\u00eancia sobre o Clima est\u00e1 a decorrer em Paris at\u00e9 ao dia 11 de dezembro e os representantes dos governos do mundo inteiro t\u00eam como miss\u00e3o planear um programa que contenha o aumento da temperatura, que est\u00e1 a amea\u00e7ar a sa\u00fade, a economia, e a sobreviv\u00eancia da humanidade.<\/p>\n<p>O planeta est\u00e1 mal e a pagar o pre\u00e7o das inunda\u00e7\u00f5es, da desertifica\u00e7\u00e3o e das mudan\u00e7as clim\u00e1ticas s\u00e3o os mais pobres e os povos mais vulner\u00e1veis. Chegou a hora de agir. Quem o afirma \u00e9 o Cardeal Cl\u00e1udio Hummes, Presidente da Rede Eclesial Pan-Amaz\u00f3nica, que foi a Paris e a\u00ed entregou \u00e0s autoridades das Na\u00e7\u00f5es Unidas e do Governo franc\u00eas mais de um milh\u00e3o e oitocentas mil assinaturas recolhidas em todo o mundo pelo Movimento Cat\u00f3lico pelo Clima (MCGC). Este movimento pede justi\u00e7a e decis\u00f5es em favor da humanidade e da Cria\u00e7\u00e3o. O Cardeal Hummes prestou declara\u00e7\u00f5es aos jornalistas e deixamos aqui um excerto que foi publicado pelo Programa Brasileiro da R\u00e1dio Vaticano:<\/p>\n<p>\u201cFoi um momento em que se mostrou a grande participa\u00e7\u00e3o do mundo, hoje, da sociedade que est\u00e1 se movimentando nestes dias. Mais uma vez como o mundo est\u00e1 preocupado e ao mesmo tempo, esperan\u00e7oso, que os nossos governantes tenham a vontade pol\u00edtica de assumir esta responsabilidade, que n\u00e3o ser\u00e1 f\u00e1cil, claro, de tomar um novo caminho para podermos vencer esta crise do clima. \u00c9 preciso reduzir as emiss\u00f5es de carbono, diminuir e aos poucos eliminar a utiliza\u00e7\u00e3o de combust\u00edveis f\u00f3sseis; todos n\u00f3s sabemos como isto \u00e9 dif\u00edcil, pois\u00a0 grande parte do mundo a continua produzindo e faz disto a sua riqueza, suas possibilidades de desenvolvimento. Como conseguir que realmente se comece um processo de diminuir o uso de combust\u00edveis f\u00f3sseis para passar para outras energias alternativas. Sabemos que este \u00e9 um processo que deve ser come\u00e7ado. O Papa j\u00e1 disse, agora, em Bangui, que \u00e9 preciso agir agora ou nunca mais, porque o mundo est\u00e1 \u00e0 beira de um suic\u00eddio. Ent\u00e3o \u00e9 preciso agir, por mais que isto custe e transformar um sistema econ\u00f4mico produtivo baseado neste tipo de energia e combust\u00edveis f\u00f3sseis, que \u00e9, sen\u00e3o a principal, uma das principais causas das mudan\u00e7as clim\u00e1ticas, que est\u00e3o havendo e que est\u00e3o destruindo o planeta\u201d. <\/p>\n<p>\u201c\u00c9 claro que tudo isso n\u00e3o se resume apenas nos combust\u00edveis f\u00f3sseis, muitas outras coisas s\u00e3o necess\u00e1rias: um crescimento menos voraz e menos destrutivo do planeta, menos consumista, com menos desperd\u00edcio de alimentos, de energias, de \u00e1gua&#8230; enfim, h\u00e1 tantas coisas que devem ser abordadas, como a quest\u00e3o de como reciclar lixo, como trat\u00e1-lo, para n\u00e3o deixar para o futuro \u2013 como diz o Papa \u2013 um planeta que na verdade acaba sendo uma lixeira nuclear, industrial, dom\u00e9stica, de lixo de tantas origens. Tudo isto faz parte deste grande empenho que o mundo ter\u00e1 que assumir para poder vencer esta crise clim\u00e1tica e a crise ecol\u00f3gica\u201d. <\/p>\n<p>O Cardeal Cl\u00e1udio Hummes tem esperan\u00e7a de que a Confer\u00eancia de Paris obtenha um acordo vinculante sobre as emiss\u00f5es de g\u00e1s carb\u00f3nico. Nos \u00faltimos anos, o acumular de di\u00f3xido de carbono (CO2) na atmosfera tem aumentado de forma acelerada e assim, a aposta em Paris, \u00e9 fechar um acordo que limite as emiss\u00f5es de gases com efeito estufa.<\/p>\n<p style=\"text-align: justify;\">Fonte: R\u00e1dio Vaticano<\/p>\n","protected":false},"excerpt":{"rendered":"<p>A COP 21 \u2013 a Confer\u00eancia sobre o Clima est\u00e1 a decorrer em Paris at\u00e9 ao dia 11 de dezembro e os representantes dos governos do mundo inteiro t\u00eam como miss\u00e3o planear um programa que contenha o aumento da temperatura, que est\u00e1 a amea\u00e7ar a sa\u00fade, a economia, e a sobreviv\u00eancia da humanidade. O planeta [&hellip;]<\/p>\n","protected":false},"author":1,"featured_media":0,"comment_status":"open","ping_status":"open","sticky":false,"template":"","format":"standard","meta":{"footnotes":""},"categories":[3],"tags":[],"class_list":["post-12541","post","type-post","status-publish","format-standard","hentry","category-vaticano"],"_links":{"self":[{"href":"https:\/\/catolicanet.net\/wp-cnet\/wp-json\/wp\/v2\/posts\/12541","targetHints":{"allow":["GET"]}}],"collection":[{"href":"https:\/\/catolicanet.net\/wp-cnet\/wp-json\/wp\/v2\/posts"}],"about":[{"href":"https:\/\/catolicanet.net\/wp-cnet\/wp-json\/wp\/v2\/types\/post"}],"author":[{"embeddable":true,"href":"https:\/\/catolicanet.net\/wp-cnet\/wp-json\/wp\/v2\/users\/1"}],"replies":[{"embeddable":true,"href":"https:\/\/catolicanet.net\/wp-cnet\/wp-json\/wp\/v2\/comments?post=12541"}],"version-history":[{"count":1,"href":"https:\/\/catolicanet.net\/wp-cnet\/wp-json\/wp\/v2\/posts\/12541\/revisions"}],"predecessor-version":[{"id":27757,"href":"https:\/\/catolicanet.net\/wp-cnet\/wp-json\/wp\/v2\/posts\/12541\/revisions\/27757"}],"wp:attachment":[{"href":"https:\/\/catolicanet.net\/wp-cnet\/wp-json\/wp\/v2\/media?parent=12541"}],"wp:term":[{"taxonomy":"category","embeddable":true,"href":"https:\/\/catolicanet.net\/wp-cnet\/wp-json\/wp\/v2\/categories?post=12541"},{"taxonomy":"post_tag","embeddable":true,"href":"https:\/\/catolicanet.net\/wp-cnet\/wp-json\/wp\/v2\/tags?post=12541"}],"curies":[{"name":"wp","href":"https:\/\/api.w.org\/{rel}","templated":true}]}}