{"id":12539,"date":"2015-12-04T13:04:47","date_gmt":"2015-12-04T15:04:47","guid":{"rendered":"http:\/\/catolicanet.net\/wp-cnet\/2015\/12\/04\/em-paris-repam-e-apresentada-a-igreja-francesa\/"},"modified":"2017-06-02T10:28:51","modified_gmt":"2017-06-02T13:28:51","slug":"em-paris-repam-e-apresentada-a-igreja-francesa","status":"publish","type":"post","link":"https:\/\/catolicanet.net\/wp-cnet\/em-paris-repam-e-apresentada-a-igreja-francesa\/","title":{"rendered":"Em Paris, Repam \u00e9 apresentada \u00e0 Igreja francesa"},"content":{"rendered":"<p style=\"text-align: justify;\"><img decoding=\"async\" src=\"http:\/\/catolicanet.com.br\/images\/stories\/rv11012_articolo.jpg\" border=\"0\" align=\"left\" \/>Prosseguem em Paris os trabalhos da COP21, o evento que dever\u00e1 alcan\u00e7ar um acordo internacional sobre o clima, aplic\u00e1vel a todos os Pa\u00edses, com o objetivo de manter o aquecimento global abaixo dos 2\u00b0C. <\/p>\n<p>195 Estados est\u00e3o participando da conven\u00e7\u00e3o, al\u00e9m de representantes de Organiza\u00e7\u00f5es n\u00e3o-Governamentais, ordens e congrega\u00e7\u00f5es religiosas engajadas com a ecologia integral. Movimentos e entidades ligadas \u00e0s Igrejas tamb\u00e9m est\u00e3o na capital francesa e um deles \u00e9 a Rede Eclesial Pan-amaz\u00f4nica, Repam, levando a Amaz\u00f4nia \u00e0 pauta do encontro. <\/p>\n<p>Nesta quinta-feira, (03\/12), o Presidente da Repam, e o Secret\u00e1rio-executivo, Cardeal Cl\u00e1udio Hummes e Mauricio Lopez, foram convidados a apresentar a Rede \u00e0 Igreja francesa na sede do Comit\u00ea Cat\u00f3lico contra a Fome e pelo Desenvolvimento, CCFD, entidade ligada \u00e0 Confer\u00eancia Episcopal francesa aonde o brasileiro Walter Prysthon \u00e9 o respons\u00e1vel pela \u00e1rea Am\u00e9rica Latina. Ou\u00e7a a reportagem completa:<\/p>\n<p>\u201cFoi uma iniciativa muito proveitosa, tivemos um representante da Rede Eclesial para a Bacia do Congo, Rebac, que nos falou do esfor\u00e7o que deu origem a esta Rede. A ideia foi justamente trocar experi\u00eancias sobre como a Igreja, hoje, nos dois grandes pulm\u00f5es do mundo, a Bacia do Congo e a Amaz\u00f4nia, est\u00e1 presente para dizer que \u2018algo est\u00e1 acontecendo\u2019. Algo de negativo, como a destrui\u00e7\u00e3o dos recursos naturais, a polui\u00e7\u00e3o dos rios, polui\u00e7\u00e3o do ar, a destrui\u00e7\u00e3o de culturas e povos, e denunciar isto. Por outro lado, ver que estes mesmos povos e a Igreja, comprometida com a esta realidade, est\u00e3o apresentando alternativas para que a floresta continue de p\u00e9, continue sendo significado de vida e de cultura plural no mundo. A reuni\u00e3o teve estes dois eixos: den\u00fancia e an\u00fancio, com a presen\u00e7a iluminadora do Cardeal Cl\u00e1udio Hummes, e serviu justamente para demonstrar a v\u00e1rios organismos da Igreja francesa (Caritas, CVx e outros presentes na reuni\u00e3o) o que a Repam est\u00e1 propondo na Amaz\u00f4nia e o que a Rebac est\u00e1 criando no seu contexto. Isto deve servir como exemplo para n\u00f3s e nos comprometer a estarmos atentos a comunicar estes esfor\u00e7os. Para n\u00f3s, a presen\u00e7a destes representantes da Amaz\u00f4nia e da Bacia do Congo servem para nos alertar, para abrirmos os olhos e o cora\u00e7\u00e3o para o que est\u00e1 acontecendo nestas terras long\u00ednquas, com as quais nos sentimos comprometidos\u201d.<\/p>\n<p>\u201cA Repam quis nascer como um esfor\u00e7o inclusivo; desde o in\u00edcio. Ficou dito claramente que as redes de solidariedade internacional n\u00e3o devem nos olhar de fora. \u201cQueremos voc\u00eas conosco, trabalhando na outra selva, na floresta daqui, porque existe a consci\u00eancia de que para mudar algo na Amaz\u00f4nia, temos que transformar na Europa e nos EUA, o nosso modo de consumo, o nosso modelo de nos relacionarmos com os demais. Ent\u00e3o, a Repam est\u00e1 presente em n\u00f3s, no CCFD e na Caritas Fran\u00e7a. N\u00f3s nos sentimos parte deste esfor\u00e7o e buscamos modestamente dar vida a esta realidade\u201d. <\/p>\n<p>\u201cUm colega do CCFD que trabalha com a Regi\u00e3o dos Grandes Lagos na \u00c1frica esteve aqui na reuni\u00e3o, e para ele, foi uma revela\u00e7\u00e3o. A pr\u00e1tica da Igreja latino-americana, da Igreja amaz\u00f4nica, est\u00e1 contribuindo com a Igreja universal. Realmente, viu-se um fruto de esperan\u00e7a. Se n\u00f3s conseguirmos transmitir uma parte de tudo o que se est\u00e1 movendo com a Igreja na Amaz\u00f4nia, sobretudo depois da Laudato si, n\u00f3s sentimos que podemos ir mais longe na \u00c1frica tamb\u00e9m. Repam e Rebac est\u00e3o tamb\u00e9m j\u00e1 iluminando a realidade da \u00c1sia, aproveitando as presen\u00e7as aqui na Fran\u00e7a para a participa\u00e7\u00e3o na Cop21. Este \u00e9 um momento muito fecundo, apesar das dificuldades que n\u00f3s, como franceses, estamos experimentando aqui\u201d.<\/p>\n<p style=\"text-align: justify;\">Fonte: R\u00e1dio Vaticano<\/p>\n","protected":false},"excerpt":{"rendered":"<p>Prosseguem em Paris os trabalhos da COP21, o evento que dever\u00e1 alcan\u00e7ar um acordo internacional sobre o clima, aplic\u00e1vel a todos os Pa\u00edses, com o objetivo de manter o aquecimento global abaixo dos 2\u00b0C. 195 Estados est\u00e3o participando da conven\u00e7\u00e3o, al\u00e9m de representantes de Organiza\u00e7\u00f5es n\u00e3o-Governamentais, ordens e congrega\u00e7\u00f5es religiosas engajadas com a ecologia integral. [&hellip;]<\/p>\n","protected":false},"author":1,"featured_media":0,"comment_status":"open","ping_status":"open","sticky":false,"template":"","format":"standard","meta":{"footnotes":""},"categories":[3],"tags":[],"class_list":["post-12539","post","type-post","status-publish","format-standard","hentry","category-vaticano"],"_links":{"self":[{"href":"https:\/\/catolicanet.net\/wp-cnet\/wp-json\/wp\/v2\/posts\/12539","targetHints":{"allow":["GET"]}}],"collection":[{"href":"https:\/\/catolicanet.net\/wp-cnet\/wp-json\/wp\/v2\/posts"}],"about":[{"href":"https:\/\/catolicanet.net\/wp-cnet\/wp-json\/wp\/v2\/types\/post"}],"author":[{"embeddable":true,"href":"https:\/\/catolicanet.net\/wp-cnet\/wp-json\/wp\/v2\/users\/1"}],"replies":[{"embeddable":true,"href":"https:\/\/catolicanet.net\/wp-cnet\/wp-json\/wp\/v2\/comments?post=12539"}],"version-history":[{"count":1,"href":"https:\/\/catolicanet.net\/wp-cnet\/wp-json\/wp\/v2\/posts\/12539\/revisions"}],"predecessor-version":[{"id":27911,"href":"https:\/\/catolicanet.net\/wp-cnet\/wp-json\/wp\/v2\/posts\/12539\/revisions\/27911"}],"wp:attachment":[{"href":"https:\/\/catolicanet.net\/wp-cnet\/wp-json\/wp\/v2\/media?parent=12539"}],"wp:term":[{"taxonomy":"category","embeddable":true,"href":"https:\/\/catolicanet.net\/wp-cnet\/wp-json\/wp\/v2\/categories?post=12539"},{"taxonomy":"post_tag","embeddable":true,"href":"https:\/\/catolicanet.net\/wp-cnet\/wp-json\/wp\/v2\/tags?post=12539"}],"curies":[{"name":"wp","href":"https:\/\/api.w.org\/{rel}","templated":true}]}}