{"id":12530,"date":"2015-12-03T14:04:21","date_gmt":"2015-12-03T16:04:21","guid":{"rendered":"http:\/\/catolicanet.net\/wp-cnet\/2015\/12\/03\/5-maneiras-de-reativar-sua-vida-de-oracao\/"},"modified":"2017-05-31T13:24:09","modified_gmt":"2017-05-31T16:24:09","slug":"5-maneiras-de-reativar-sua-vida-de-oracao","status":"publish","type":"post","link":"https:\/\/catolicanet.net\/wp-cnet\/5-maneiras-de-reativar-sua-vida-de-oracao\/","title":{"rendered":"5 maneiras de reativar sua vida de ora\u00e7\u00e3o"},"content":{"rendered":"<p style=\"text-align: justify;\"><img decoding=\"async\" src=\"http:\/\/catolicanet.com.br\/images\/stories\/signo-orac.jpg\" border=\"0\" align=\"left\" \/>Se voc\u00ea j\u00e1 se sentiu frustrado na ora\u00e7\u00e3o, n\u00e3o se preocupe: \u00e9 muito simples<\/p>\n<p>Voc\u00ea conhece a import\u00e2ncia da ora\u00e7\u00e3o, mas talvez ache que Deus n\u00e3o quer ouvi-lo porque voc\u00ea se afastou durante algum tempo. Voc\u00ea provavelmente sabia que a ora\u00e7\u00e3o madura \u00e9 algo al\u00e9m de simples peti\u00e7\u00f5es a Deus, mas talvez n\u00e3o esteja seguro de como proceder.<\/p>\n<p>Talvez voc\u00ea esteja realmente ocupado, e tema que buscar a \u201cpr\u00e1tica da ora\u00e7\u00e3o\u201d exija um compromisso que voc\u00ea n\u00e3o pode assumir. Ou pode ser que voc\u00ea tenha medo de \u201cfracassar\u201d em sua tentativa de orar em profundidade.<\/p>\n<p>Seja como for, fique tranquilo. A \u00fanica maneira de fracassar na ora\u00e7\u00e3o \u00e9 deixar de orar. N\u00e3o h\u00e1 nada que Deus n\u00e3o queria ouvir de voc\u00ea. Ele o ama, n\u00e3o se esque\u00e7a disso!<\/p>\n<p>Anote a\u00ed as 5 dicas para voltar a orar intensamente:<\/p>\n<p>1. Fa\u00e7a o sinal da cruz<\/p>\n<p>Esta \u00e9 uma maneira r\u00e1pida e eficaz de se conectar com Deus e recordar, num s\u00f3 gesto, toda a entrega de Jesus por n\u00f3s. Esta \u00e9 uma ora\u00e7\u00e3o r\u00e1pida e um bom ponto de partida. Para saber mais sobre o sentido do sinal da cruz, clique aqui e depois aqui.<\/p>\n<p>2. Inclua gotinhas de ora\u00e7\u00e3o ao longo do seu dia<\/p>\n<p>As jaculat\u00f3rias ajudam a manter-nos na presen\u00e7a de Deus. S\u00e3o ora\u00e7\u00f5es breves, em forma de frases simples, que dirigimos a Deus em meio \u00e0s atividades cotidianas, colocando nelas toda a for\u00e7a da nossa f\u00e9 e todo o carinho do nosso cora\u00e7\u00e3o ao pronunci\u00e1-las. Alguns exemplos: \u201cSenhor, tu sabes tudo, sabes que te amo\u201d, \u201cO Senhor \u00e9 meu pastor, nada me faltar\u00e1\u201d, \u201cEstou em tuas m\u00e3os, fa\u00e7a-se a tua vontade\u201d, \u201cMaria, sou todo teu\u201d, \u201cEsp\u00edrito Santo, ilumina-me\u201d, \u201cSagrado Cora\u00e7\u00e3o de Jesus, confio em ti\u201d etc.<\/p>\n<p>3. Observe algo belo<\/p>\n<p>A beleza das coisas ao nosso redor nos remete a Deus. Voc\u00ea pode observar uma flor, uma folha ca\u00edda no ch\u00e3o, a alegria de uma crian\u00e7a, um amanhecer\u2026 O ser humano \u00e9 o \u00fanico animal capaz de admirar a beleza, Deus nos deu este dom \u2013 talvez precisamente para que nos encontremos com Ele.<\/p>\n<p>4. Escute<\/p>\n<p>Voc\u00ea n\u00e3o precisa estar com o fone de ouvido o tempo todo, pode desligar o celular e a televis\u00e3o de vez em quando. Programe-se para desligar os est\u00edmulos externos em alguns momentos da semana e curta o sil\u00eancio. Nesses momentos, pode dizer para Deus: \u201cTu me chamaste, Senhor, aqui estou\u201d. E permanecer em paz e sil\u00eancio, para ir aprendendo a identificar a voz de Deus em seu interior.<\/p>\n<p>5. Cante<\/p>\n<p>Santo Agostinho dizia que quem canta ora duas vezes. Voc\u00ea certamente conhece algumas can\u00e7\u00f5es espirituais ou pode explorar mais este universo. Monte sua sele\u00e7\u00e3o e curta momentos de intimidade com Deus por meio da m\u00fasica. Cante a Maria tamb\u00e9m, porque isso conforta nosso cora\u00e7\u00e3o de filhos e a deixa alegre como M\u00e3e. Voc\u00ea tamb\u00e9m pode cantar partes da missa, se isso o ajudar a se conectar com Deus.<\/p>\n<p>Est\u00e1 disposto a recome\u00e7ar? Deus com certeza j\u00e1 recome\u00e7ou, j\u00e1 est\u00e1 esperando voc\u00ea. Apenas d\u00ea o primeiro passo, e o resto ser\u00e1 mais f\u00e1cil. Confie.<\/p>\n<p style=\"text-align: justify;\">Fonte: Aleteia<\/p>\n","protected":false},"excerpt":{"rendered":"<p>Se voc\u00ea j\u00e1 se sentiu frustrado na ora\u00e7\u00e3o, n\u00e3o se preocupe: \u00e9 muito simples Voc\u00ea conhece a import\u00e2ncia da ora\u00e7\u00e3o, mas talvez ache que Deus n\u00e3o quer ouvi-lo porque voc\u00ea se afastou durante algum tempo. Voc\u00ea provavelmente sabia que a ora\u00e7\u00e3o madura \u00e9 algo al\u00e9m de simples peti\u00e7\u00f5es a Deus, mas talvez n\u00e3o esteja seguro [&hellip;]<\/p>\n","protected":false},"author":1,"featured_media":0,"comment_status":"open","ping_status":"open","sticky":false,"template":"","format":"standard","meta":{"footnotes":""},"categories":[4],"tags":[],"class_list":["post-12530","post","type-post","status-publish","format-standard","hentry","category-cotidiano"],"_links":{"self":[{"href":"https:\/\/catolicanet.net\/wp-cnet\/wp-json\/wp\/v2\/posts\/12530","targetHints":{"allow":["GET"]}}],"collection":[{"href":"https:\/\/catolicanet.net\/wp-cnet\/wp-json\/wp\/v2\/posts"}],"about":[{"href":"https:\/\/catolicanet.net\/wp-cnet\/wp-json\/wp\/v2\/types\/post"}],"author":[{"embeddable":true,"href":"https:\/\/catolicanet.net\/wp-cnet\/wp-json\/wp\/v2\/users\/1"}],"replies":[{"embeddable":true,"href":"https:\/\/catolicanet.net\/wp-cnet\/wp-json\/wp\/v2\/comments?post=12530"}],"version-history":[{"count":1,"href":"https:\/\/catolicanet.net\/wp-cnet\/wp-json\/wp\/v2\/posts\/12530\/revisions"}],"predecessor-version":[{"id":26634,"href":"https:\/\/catolicanet.net\/wp-cnet\/wp-json\/wp\/v2\/posts\/12530\/revisions\/26634"}],"wp:attachment":[{"href":"https:\/\/catolicanet.net\/wp-cnet\/wp-json\/wp\/v2\/media?parent=12530"}],"wp:term":[{"taxonomy":"category","embeddable":true,"href":"https:\/\/catolicanet.net\/wp-cnet\/wp-json\/wp\/v2\/categories?post=12530"},{"taxonomy":"post_tag","embeddable":true,"href":"https:\/\/catolicanet.net\/wp-cnet\/wp-json\/wp\/v2\/tags?post=12530"}],"curies":[{"name":"wp","href":"https:\/\/api.w.org\/{rel}","templated":true}]}}