{"id":12524,"date":"2015-12-03T13:14:58","date_gmt":"2015-12-03T15:14:58","guid":{"rendered":"http:\/\/catolicanet.net\/wp-cnet\/2015\/12\/03\/terroristas-presos-pela-policia-italiana-lancavam-ameacas-ao-papa-na-internet\/"},"modified":"2017-06-02T16:36:25","modified_gmt":"2017-06-02T19:36:25","slug":"terroristas-presos-pela-policia-italiana-lancavam-ameacas-ao-papa-na-internet","status":"publish","type":"post","link":"https:\/\/catolicanet.net\/wp-cnet\/terroristas-presos-pela-policia-italiana-lancavam-ameacas-ao-papa-na-internet\/","title":{"rendered":"Terroristas presos pela Pol\u00edcia italiana lan\u00e7avam amea\u00e7as ao Papa na internet"},"content":{"rendered":"<p style=\"text-align: justify;\"><img decoding=\"async\" src=\"http:\/\/catolicanet.com.br\/images\/stories\/070815 papafranc.jpg\" border=\"0\" align=\"left\" \/>Em uma opera\u00e7\u00e3o conduzida pela pol\u00edcia da cidade italiana de Brescia nesta ter\u00e7a-feira, 1, quatro terroristas afiliados ao Estado Isl\u00e2mico foram presos em uma opera\u00e7\u00e3o conjunta com autoridades do Kosovo. O grupo postava fotos nas redes sociais incitando o \u00f3dio racial, exaltando o jihadismo e lan\u00e7avam amea\u00e7as contra o Papa Francisco atrav\u00e9s do chat. \u201cDepois deste Papa n\u00e3o haver\u00e1 outro\u201d, dizia uma das conversas entre os presos, que tamb\u00e9m afirmavam que o terror atualmente vivido na Europa \u201c\u00e9 s\u00f3 o come\u00e7o\u201d.<\/p>\n<p>A informa\u00e7\u00e3o, veiculada pelo jornal italiano La Repubblica, indica que o grupo era comandado por Imishti Samet, cidad\u00e3o kosovar que viveu por algum tempo na It\u00e1lia e foi preso ontem no Kosovo. Os outros tr\u00eas terroristas desta c\u00e9lula jihadista foram presos em territ\u00f3rio italiano. Imishiti Ismail, irm\u00e3o de Samet e outro cidad\u00e3o de origem Kosovar foram detidos e expulsos do pa\u00eds. J\u00e1 o quarto membro do grupo, um maced\u00f4nio que vivia na cidade de Vicenza, permanece na It\u00e1lia sob vigil\u00e2ncia intensificada. Ele \u00e9 acusado de participa\u00e7\u00e3o em atos terroristas e teve seu passaporte confiscado.<\/p>\n<p>&#8220;Lembre-se que n\u00e3o haver\u00e1 um papa depois deste, ele \u00e9 o \u00faltimo&#8221;, escreveram os islamistas kosovares nas suas redes sociais. Os quatro ser\u00e3o responsabilizados por crimes de apologia ao terrorismo e incitamento ao \u00f3dio racial.<\/p>\n<p>O grupo, que aparecia em fotos com armas e bandeiras do Estado Isl\u00e2mico, n\u00e3o deixou de exaltar os ataques em Paris em suas conversas afirmando: &#8220;Este \u00e9 apenas o come\u00e7o\u201d.<\/p>\n<p>\u201cOs avi\u00f5es franceses na S\u00edria mataram mais de 47 pessoas: Oh, Incr\u00e9dulos, voc\u00eas v\u00e3o entender que contra o Isl\u00e3 n\u00e3o se luta, \u00e9 in\u00fatil\u201d, afirmaram em outra ocasi\u00e3o os jihadistas.<\/p>\n<p>&#8220;Eles amea\u00e7aram o Santo Padre Bergoglio, elogiaram os recentes atentados em Paris e amea\u00e7aram a ex-embaixadora dos EUA no Kosovo&#8221;, afirma o superintendente da pol\u00edcia de Brescia, Carmine Esposito em declara\u00e7\u00f5es divulgadas por La Repubblica. &#8220;Nas casas invadidas no Kosovo foram encontradas armas\u201d, acrescentou Esposito, que garantiu que atua\u00e7\u00e3o dos quatro homens tinha \u201cespecial refer\u00eancia para realizar propaganda, recrutamento e financiamento do auto-intitulado Estado isl\u00e2mico\u201d.<\/p>\n<p>No bate-papo de um dos terroristas presos constava ainda a amea\u00e7a de iminentes &#8220;visitas dos terroristas do Estado isl\u00e2mico&#8221; ao Vaticano e de que dentro de cinco anos a Europa seria desgarrada e haveria uma s\u00f3 lei, a Lei Sharia.<\/p>\n<p style=\"text-align: justify;\">Fonte: Acidigital<\/p>\n","protected":false},"excerpt":{"rendered":"<p>Em uma opera\u00e7\u00e3o conduzida pela pol\u00edcia da cidade italiana de Brescia nesta ter\u00e7a-feira, 1, quatro terroristas afiliados ao Estado Isl\u00e2mico foram presos em uma opera\u00e7\u00e3o conjunta com autoridades do Kosovo. O grupo postava fotos nas redes sociais incitando o \u00f3dio racial, exaltando o jihadismo e lan\u00e7avam amea\u00e7as contra o Papa Francisco atrav\u00e9s do chat. \u201cDepois [&hellip;]<\/p>\n","protected":false},"author":1,"featured_media":0,"comment_status":"open","ping_status":"open","sticky":false,"template":"","format":"standard","meta":{"footnotes":""},"categories":[3],"tags":[],"class_list":["post-12524","post","type-post","status-publish","format-standard","hentry","category-vaticano"],"_links":{"self":[{"href":"https:\/\/catolicanet.net\/wp-cnet\/wp-json\/wp\/v2\/posts\/12524","targetHints":{"allow":["GET"]}}],"collection":[{"href":"https:\/\/catolicanet.net\/wp-cnet\/wp-json\/wp\/v2\/posts"}],"about":[{"href":"https:\/\/catolicanet.net\/wp-cnet\/wp-json\/wp\/v2\/types\/post"}],"author":[{"embeddable":true,"href":"https:\/\/catolicanet.net\/wp-cnet\/wp-json\/wp\/v2\/users\/1"}],"replies":[{"embeddable":true,"href":"https:\/\/catolicanet.net\/wp-cnet\/wp-json\/wp\/v2\/comments?post=12524"}],"version-history":[{"count":1,"href":"https:\/\/catolicanet.net\/wp-cnet\/wp-json\/wp\/v2\/posts\/12524\/revisions"}],"predecessor-version":[{"id":28730,"href":"https:\/\/catolicanet.net\/wp-cnet\/wp-json\/wp\/v2\/posts\/12524\/revisions\/28730"}],"wp:attachment":[{"href":"https:\/\/catolicanet.net\/wp-cnet\/wp-json\/wp\/v2\/media?parent=12524"}],"wp:term":[{"taxonomy":"category","embeddable":true,"href":"https:\/\/catolicanet.net\/wp-cnet\/wp-json\/wp\/v2\/categories?post=12524"},{"taxonomy":"post_tag","embeddable":true,"href":"https:\/\/catolicanet.net\/wp-cnet\/wp-json\/wp\/v2\/tags?post=12524"}],"curies":[{"name":"wp","href":"https:\/\/api.w.org\/{rel}","templated":true}]}}