{"id":12523,"date":"2015-12-03T13:08:53","date_gmt":"2015-12-03T15:08:53","guid":{"rendered":"http:\/\/catolicanet.net\/wp-cnet\/2015\/12\/03\/sao-duas-as-coisas-de-que-mais-precisamos-no-momento-misericordia-e-ainda-misericordia-papa-francisco-numa-entrevista\/"},"modified":"2017-05-30T13:24:26","modified_gmt":"2017-05-30T16:24:26","slug":"sao-duas-as-coisas-de-que-mais-precisamos-no-momento-misericordia-e-ainda-misericordia-papa-francisco-numa-entrevista","status":"publish","type":"post","link":"https:\/\/catolicanet.net\/wp-cnet\/sao-duas-as-coisas-de-que-mais-precisamos-no-momento-misericordia-e-ainda-misericordia-papa-francisco-numa-entrevista\/","title":{"rendered":"\u201cS\u00e3o duas as coisas de que mais precisamos no momento: miseric\u00f3rdia, e ainda, miseric\u00f3rdia!\u201d Papa Francisco, numa entrevista"},"content":{"rendered":"<p style=\"text-align: justify;\"><img decoding=\"async\" src=\"http:\/\/catolicanet.com.br\/images\/stories\/00 f56335a10d.jpg\" border=\"0\" align=\"left\" \/>No dia 8 de dezembro, festa da Imaculada Concei\u00e7\u00e3o, 50 anos ap\u00f3s a conclus\u00e3o do Conc\u00edlio Vaticano II, com a abertura simb\u00f3lica da \u201cPorta Santa\u201d a Igreja entra no Ano da Gra\u00e7a da Miseric\u00f3rdia. Mas para milh\u00f5es de refugiados a porta para um futuro melhor parece estar fechada na sua pr\u00f3pria terra natal. Para cada vez mais pessoas est\u00e1 ficando fora do alcance aquilo de que elas precisam para uma vida de fato humanamente digna. A dignidade de muitas pessoas \u00e9, in\u00fameras vezes, conspurcada e escravizada pelo pecado. O respeito pela dignidade humana, t\u00e3o promovido pelo Conc\u00edlio Vaticano II, est\u00e1 sendo amea\u00e7ado. O homem torna-se um estranho para si mesmo. Mas Deus aguarda at\u00e9 que o homem retorne a si e volte para casa. No olhar misericordioso de Deus, ele reencontra sua grandeza e a paz.<\/p>\n<p>Uma antiga lenda conta: No final de sua longa vida, quando Ad\u00e3o tinha ficado velho e grisalho, foi tomado por uma profunda nostalgia. E empreendeu o caminho de volta ao Para\u00edso perdido. Uma vez chegando l\u00e1, sacudiu com as \u00faltimas for\u00e7as os port\u00f5es fechados do Para\u00edso, e gritou com alta voz: \u201cEu quero voltar para casa!\u201d. S\u00f3 a nova Eva, sem nenhuma mancha e cheia de gra\u00e7a, a Imaculada, foi autorizada a abrir por dentro o port\u00e3o do Para\u00edso. Em Bel\u00e9m, Maria n\u00e3o tinha abrigo, deu \u00e0 luz o Filho divino numa estrebaria, colocou-o numa manjedoura e teve de fugir com Jos\u00e9 e o Menino para o Egito. Por isso ela, como m\u00e3e, pode conduzir-nos de volta para casa.<\/p>\n<p>Milh\u00f5es de pessoas est\u00e3o fugindo da brutalidade da guerra, do lucro e do poder. Elas procuram um lugar onde possam viver felizes. A onda de solidariedade em muitos pa\u00edses \u00e9 grande. No entanto, o ex\u00edlio nunca poder\u00e1 acabar sem a ajuda da Imaculada. Nela, a miseric\u00f3rdia de Deus \u00e9 sem medida. Porque, justamente, n\u00e3o se trata apenas de ser bondoso e solid\u00e1rio de acordo com o lema: \u201cO importante \u00e9 que todo mundo fique satisfeito.\u201d Para isso n\u00e3o \u00e9 necess\u00e1rio o Deus da miseric\u00f3rdia. N\u00f3s precisamos da insond\u00e1vel miseric\u00f3rdia de Deus porque, caso contr\u00e1rio, viveremos em um n\u00edvel inferior \u00e0 nossa dignidade, colocando assim em risco a verdadeira felicidade. A miseric\u00f3rdia de Deus defende implacavelmente a grandeza do homem. Por isso, o fil\u00f3sofo franc\u00eas Emmanuel Levinas escreve: \u201cDeus n\u00e3o nos cumula de bens, mas exorta-nos \u00e0 bondade, que \u00e9 melhor do que todos os bens que possamos receber.\u201d<\/p>\n<p>Queridos amigos, Deus se faz homem. Cada uma de nossas a\u00e7\u00f5es deve atestar essa infinita bondade de Deus. Como Jesus disse \u00e0 santa Irm\u00e3 Faustina: \u201cAnuncia, minha filha, que eu sou inteiramente amor e compaix\u00e3o. Todo aquele que se aproxima de mim com confian\u00e7a, recebe minha gra\u00e7a em tal abund\u00e2ncia que se torna incapaz de cont\u00ea-la; e ele ir\u00e1 irradi\u00e1-la tamb\u00e9m sobre outras pessoas.\u201d Uma aben\u00e7oada festa de Natal e um Feliz Ano Novo 2016 deseja-lhes o seu,<\/p>\n<p>Pe. Martin M. Barta<br \/>Assistente eclesi\u00e1stico<\/p>\n<p style=\"text-align: justify;\">Fonte: AIS<\/p>\n","protected":false},"excerpt":{"rendered":"<p>No dia 8 de dezembro, festa da Imaculada Concei\u00e7\u00e3o, 50 anos ap\u00f3s a conclus\u00e3o do Conc\u00edlio Vaticano II, com a abertura simb\u00f3lica da \u201cPorta Santa\u201d a Igreja entra no Ano da Gra\u00e7a da Miseric\u00f3rdia. Mas para milh\u00f5es de refugiados a porta para um futuro melhor parece estar fechada na sua pr\u00f3pria terra natal. Para cada [&hellip;]<\/p>\n","protected":false},"author":1,"featured_media":0,"comment_status":"open","ping_status":"open","sticky":false,"template":"","format":"standard","meta":{"footnotes":""},"categories":[3],"tags":[],"class_list":["post-12523","post","type-post","status-publish","format-standard","hentry","category-vaticano"],"_links":{"self":[{"href":"https:\/\/catolicanet.net\/wp-cnet\/wp-json\/wp\/v2\/posts\/12523","targetHints":{"allow":["GET"]}}],"collection":[{"href":"https:\/\/catolicanet.net\/wp-cnet\/wp-json\/wp\/v2\/posts"}],"about":[{"href":"https:\/\/catolicanet.net\/wp-cnet\/wp-json\/wp\/v2\/types\/post"}],"author":[{"embeddable":true,"href":"https:\/\/catolicanet.net\/wp-cnet\/wp-json\/wp\/v2\/users\/1"}],"replies":[{"embeddable":true,"href":"https:\/\/catolicanet.net\/wp-cnet\/wp-json\/wp\/v2\/comments?post=12523"}],"version-history":[{"count":1,"href":"https:\/\/catolicanet.net\/wp-cnet\/wp-json\/wp\/v2\/posts\/12523\/revisions"}],"predecessor-version":[{"id":24560,"href":"https:\/\/catolicanet.net\/wp-cnet\/wp-json\/wp\/v2\/posts\/12523\/revisions\/24560"}],"wp:attachment":[{"href":"https:\/\/catolicanet.net\/wp-cnet\/wp-json\/wp\/v2\/media?parent=12523"}],"wp:term":[{"taxonomy":"category","embeddable":true,"href":"https:\/\/catolicanet.net\/wp-cnet\/wp-json\/wp\/v2\/categories?post=12523"},{"taxonomy":"post_tag","embeddable":true,"href":"https:\/\/catolicanet.net\/wp-cnet\/wp-json\/wp\/v2\/tags?post=12523"}],"curies":[{"name":"wp","href":"https:\/\/api.w.org\/{rel}","templated":true}]}}