{"id":12518,"date":"2015-12-03T12:07:03","date_gmt":"2015-12-03T14:07:03","guid":{"rendered":"http:\/\/catolicanet.net\/wp-cnet\/2015\/12\/03\/diocese-de-assis-escolhe-novo-administrador-diocesano\/"},"modified":"2017-05-26T16:24:34","modified_gmt":"2017-05-26T19:24:34","slug":"diocese-de-assis-escolhe-novo-administrador-diocesano","status":"publish","type":"post","link":"https:\/\/catolicanet.net\/wp-cnet\/diocese-de-assis-escolhe-novo-administrador-diocesano\/","title":{"rendered":"Diocese de Assis escolhe novo administrador diocesano"},"content":{"rendered":"<p style=\"text-align: justify;\"><img decoding=\"async\" src=\"http:\/\/catolicanet.com.br\/images\/stories\/00 padre_heliton_interna.jpg\" border=\"0\" align=\"left\" \/>Com a sede vacante, ap\u00f3s falecimento de dom Jos\u00e9 Benedito Sim\u00e3o, consultores escolheram administrador<\/p>\n<p>O Col\u00e9gio de Consultores da diocese de Assis (SP) elegeu, nesta ter\u00e7a-feira, 1\u00ba de dezembro, padre Heliton Lu\u00eds Ferreira como administrador diocesano. Padre Heliton Lu\u00eds Ferreira estar\u00e1 \u00e0 frente da Igreja particular at\u00e9 a nomea\u00e7\u00e3o do novo bispo que suceder\u00e1 dom Jos\u00e9 Benedito Sim\u00e3o, falecido na \u00faltima sexta-feira, 27 de novembro.<\/p>\n<p>O sacerdote\u00a0 \u00e9 p\u00e1roco da par\u00f3quia S\u00e3o Nicolau, em Assis. Nasceu no dia 1\u00ba de mar\u00e7o de 1978 e foi ordenado presb\u00edtero pelo arcebispo de Botucatu (SP), dom Maur\u00edcio Grotto de Camargo, em 3 de agosto de 2007.<\/p>\n<p>Com informa\u00e7\u00f5es e foto do regional Sul 1 da CNBB<\/p>\n<p>Fonte: CNBB<\/p>\n","protected":false},"excerpt":{"rendered":"<p>Com a sede vacante, ap\u00f3s falecimento de dom Jos\u00e9 Benedito Sim\u00e3o, consultores escolheram administrador O Col\u00e9gio de Consultores da diocese de Assis (SP) elegeu, nesta ter\u00e7a-feira, 1\u00ba de dezembro, padre Heliton Lu\u00eds Ferreira como administrador diocesano. Padre Heliton Lu\u00eds Ferreira estar\u00e1 \u00e0 frente da Igreja particular at\u00e9 a nomea\u00e7\u00e3o do novo bispo que suceder\u00e1 dom [&hellip;]<\/p>\n","protected":false},"author":1,"featured_media":0,"comment_status":"open","ping_status":"open","sticky":false,"template":"","format":"standard","meta":{"footnotes":""},"categories":[7],"tags":[],"class_list":["post-12518","post","type-post","status-publish","format-standard","hentry","category-cnbb"],"_links":{"self":[{"href":"https:\/\/catolicanet.net\/wp-cnet\/wp-json\/wp\/v2\/posts\/12518","targetHints":{"allow":["GET"]}}],"collection":[{"href":"https:\/\/catolicanet.net\/wp-cnet\/wp-json\/wp\/v2\/posts"}],"about":[{"href":"https:\/\/catolicanet.net\/wp-cnet\/wp-json\/wp\/v2\/types\/post"}],"author":[{"embeddable":true,"href":"https:\/\/catolicanet.net\/wp-cnet\/wp-json\/wp\/v2\/users\/1"}],"replies":[{"embeddable":true,"href":"https:\/\/catolicanet.net\/wp-cnet\/wp-json\/wp\/v2\/comments?post=12518"}],"version-history":[{"count":1,"href":"https:\/\/catolicanet.net\/wp-cnet\/wp-json\/wp\/v2\/posts\/12518\/revisions"}],"predecessor-version":[{"id":23976,"href":"https:\/\/catolicanet.net\/wp-cnet\/wp-json\/wp\/v2\/posts\/12518\/revisions\/23976"}],"wp:attachment":[{"href":"https:\/\/catolicanet.net\/wp-cnet\/wp-json\/wp\/v2\/media?parent=12518"}],"wp:term":[{"taxonomy":"category","embeddable":true,"href":"https:\/\/catolicanet.net\/wp-cnet\/wp-json\/wp\/v2\/categories?post=12518"},{"taxonomy":"post_tag","embeddable":true,"href":"https:\/\/catolicanet.net\/wp-cnet\/wp-json\/wp\/v2\/tags?post=12518"}],"curies":[{"name":"wp","href":"https:\/\/api.w.org\/{rel}","templated":true}]}}