{"id":12507,"date":"2015-12-02T13:08:09","date_gmt":"2015-12-02T15:08:09","guid":{"rendered":"http:\/\/catolicanet.net\/wp-cnet\/2015\/12\/02\/uma-imagem-mil-palavras\/"},"modified":"2017-05-30T13:27:35","modified_gmt":"2017-05-30T16:27:35","slug":"uma-imagem-mil-palavras","status":"publish","type":"post","link":"https:\/\/catolicanet.net\/wp-cnet\/uma-imagem-mil-palavras\/","title":{"rendered":"Uma imagem. Mil palavras."},"content":{"rendered":"<p style=\"text-align: justify;\"><img decoding=\"async\" src=\"http:\/\/catolicanet.com.br\/images\/stories\/0 papa-na-africa.jpg\" border=\"0\" align=\"left\" \/>Olhe em sil\u00eancio para esta foto e apenas pense nas coisas das quais voc\u00ea resmunga.<\/p>\n<p>Apenas olhe e reflita diante da sua consci\u00eancia.<\/p>\n<p style=\"text-align: justify;\">Fonte: Aleteia<\/p>\n","protected":false},"excerpt":{"rendered":"<p>Olhe em sil\u00eancio para esta foto e apenas pense nas coisas das quais voc\u00ea resmunga. Apenas olhe e reflita diante da sua consci\u00eancia. Fonte: Aleteia<\/p>\n","protected":false},"author":1,"featured_media":0,"comment_status":"open","ping_status":"open","sticky":false,"template":"","format":"standard","meta":{"footnotes":""},"categories":[7],"tags":[],"class_list":["post-12507","post","type-post","status-publish","format-standard","hentry","category-cnbb"],"_links":{"self":[{"href":"https:\/\/catolicanet.net\/wp-cnet\/wp-json\/wp\/v2\/posts\/12507","targetHints":{"allow":["GET"]}}],"collection":[{"href":"https:\/\/catolicanet.net\/wp-cnet\/wp-json\/wp\/v2\/posts"}],"about":[{"href":"https:\/\/catolicanet.net\/wp-cnet\/wp-json\/wp\/v2\/types\/post"}],"author":[{"embeddable":true,"href":"https:\/\/catolicanet.net\/wp-cnet\/wp-json\/wp\/v2\/users\/1"}],"replies":[{"embeddable":true,"href":"https:\/\/catolicanet.net\/wp-cnet\/wp-json\/wp\/v2\/comments?post=12507"}],"version-history":[{"count":1,"href":"https:\/\/catolicanet.net\/wp-cnet\/wp-json\/wp\/v2\/posts\/12507\/revisions"}],"predecessor-version":[{"id":24564,"href":"https:\/\/catolicanet.net\/wp-cnet\/wp-json\/wp\/v2\/posts\/12507\/revisions\/24564"}],"wp:attachment":[{"href":"https:\/\/catolicanet.net\/wp-cnet\/wp-json\/wp\/v2\/media?parent=12507"}],"wp:term":[{"taxonomy":"category","embeddable":true,"href":"https:\/\/catolicanet.net\/wp-cnet\/wp-json\/wp\/v2\/categories?post=12507"},{"taxonomy":"post_tag","embeddable":true,"href":"https:\/\/catolicanet.net\/wp-cnet\/wp-json\/wp\/v2\/tags?post=12507"}],"curies":[{"name":"wp","href":"https:\/\/api.w.org\/{rel}","templated":true}]}}