{"id":12505,"date":"2015-12-02T12:35:44","date_gmt":"2015-12-02T14:35:44","guid":{"rendered":"http:\/\/catolicanet.net\/wp-cnet\/2015\/12\/02\/ela-ficou-tetraplegica-5-meses-apos-o-casamento\/"},"modified":"2017-05-31T15:03:22","modified_gmt":"2017-05-31T18:03:22","slug":"ela-ficou-tetraplegica-5-meses-apos-o-casamento","status":"publish","type":"post","link":"https:\/\/catolicanet.net\/wp-cnet\/ela-ficou-tetraplegica-5-meses-apos-o-casamento\/","title":{"rendered":"Ela ficou tetrapl\u00e9gica 5 meses ap\u00f3s o casamento"},"content":{"rendered":"<p style=\"text-align: justify;\"><img decoding=\"async\" src=\"http:\/\/catolicanet.com.br\/images\/stories\/casal_idosos.png\" border=\"0\" align=\"left\" \/>Emocione-se com a hist\u00f3ria deste casal que nos mostra o que \u00e9 amar &#8220;na sa\u00fade e na doen\u00e7a&#8230; at\u00e9 que a morte nos separe&#8221;<\/p>\n<p>Amar algu\u00e9m \u201cat\u00e9 que a morte nos separe\u201d significa n\u00e3o ter exce\u00e7\u00f5es guardadas na manga; significa colocar o c\u00f4njuge \u2013 o amor \u2013 em primeiro lugar; significa doar-se excepcionalmente quando h\u00e1 uma situa\u00e7\u00e3o excepcional. E se tal situa\u00e7\u00e3o se torna di\u00e1ria, entregar-se assim a cada dia.<\/p>\n<p>Quem sabe muito bem disso \u00e9 este homem, que cuidou da sua amada a vida inteira, depois de ela ter ficado tetrapl\u00e9gica, poucos meses ap\u00f3s o casamento.<\/p>\n<p>Tradu\u00e7\u00e3o do v\u00eddeo<\/p>\n<p>Eles se casaram apaixonados. Cinco meses depois, ela ficou tetrapl\u00e9gica. E ele disse: \u201cEu nunca te abandonarei\u201d. J\u00e1 se passaram 56 anos, e ele continua cuidando dela: prepara suas refei\u00e7\u00f5es, lhe d\u00e1 de comer\u2026 Alguns ficaram sabendo da sua hist\u00f3ria e decidiram ajud\u00e1-los. Quem ama \u00e9 capaz de suportar tudo.<\/p>\n<p style=\"text-align: justify;\">Fonte: Aleteia<\/p>\n","protected":false},"excerpt":{"rendered":"<p>Emocione-se com a hist\u00f3ria deste casal que nos mostra o que \u00e9 amar &#8220;na sa\u00fade e na doen\u00e7a&#8230; at\u00e9 que a morte nos separe&#8221; Amar algu\u00e9m \u201cat\u00e9 que a morte nos separe\u201d significa n\u00e3o ter exce\u00e7\u00f5es guardadas na manga; significa colocar o c\u00f4njuge \u2013 o amor \u2013 em primeiro lugar; significa doar-se excepcionalmente quando h\u00e1 [&hellip;]<\/p>\n","protected":false},"author":1,"featured_media":0,"comment_status":"open","ping_status":"open","sticky":false,"template":"","format":"standard","meta":{"footnotes":""},"categories":[4],"tags":[],"class_list":["post-12505","post","type-post","status-publish","format-standard","hentry","category-cotidiano"],"_links":{"self":[{"href":"https:\/\/catolicanet.net\/wp-cnet\/wp-json\/wp\/v2\/posts\/12505","targetHints":{"allow":["GET"]}}],"collection":[{"href":"https:\/\/catolicanet.net\/wp-cnet\/wp-json\/wp\/v2\/posts"}],"about":[{"href":"https:\/\/catolicanet.net\/wp-cnet\/wp-json\/wp\/v2\/types\/post"}],"author":[{"embeddable":true,"href":"https:\/\/catolicanet.net\/wp-cnet\/wp-json\/wp\/v2\/users\/1"}],"replies":[{"embeddable":true,"href":"https:\/\/catolicanet.net\/wp-cnet\/wp-json\/wp\/v2\/comments?post=12505"}],"version-history":[{"count":1,"href":"https:\/\/catolicanet.net\/wp-cnet\/wp-json\/wp\/v2\/posts\/12505\/revisions"}],"predecessor-version":[{"id":26852,"href":"https:\/\/catolicanet.net\/wp-cnet\/wp-json\/wp\/v2\/posts\/12505\/revisions\/26852"}],"wp:attachment":[{"href":"https:\/\/catolicanet.net\/wp-cnet\/wp-json\/wp\/v2\/media?parent=12505"}],"wp:term":[{"taxonomy":"category","embeddable":true,"href":"https:\/\/catolicanet.net\/wp-cnet\/wp-json\/wp\/v2\/categories?post=12505"},{"taxonomy":"post_tag","embeddable":true,"href":"https:\/\/catolicanet.net\/wp-cnet\/wp-json\/wp\/v2\/tags?post=12505"}],"curies":[{"name":"wp","href":"https:\/\/api.w.org\/{rel}","templated":true}]}}