{"id":12487,"date":"2015-12-01T16:07:06","date_gmt":"2015-12-01T18:07:06","guid":{"rendered":"http:\/\/catolicanet.net\/wp-cnet\/2015\/12\/01\/papa-francisco-regresso-da-africa-ao-vaticano\/"},"modified":"2017-05-30T13:29:04","modified_gmt":"2017-05-30T16:29:04","slug":"papa-francisco-regresso-da-africa-ao-vaticano","status":"publish","type":"post","link":"https:\/\/catolicanet.net\/wp-cnet\/papa-francisco-regresso-da-africa-ao-vaticano\/","title":{"rendered":"Papa Francisco: Regresso da \u00c1frica ao Vaticano"},"content":{"rendered":"<p style=\"text-align: justify;\"><img decoding=\"async\" src=\"http:\/\/catolicanet.com.br\/images\/stories\/wreuters1143592_articolo.jpg\" border=\"0\" align=\"left\" \/>Terminou ontem, 30 de Novembro, a Primeira viagem do Papa Francisco \u00e0 \u00c1frica que culminou com a Missa em Bangui. O avi\u00e3o que trouxe a bordo o Santo Padre aterrou no aeroporto italiano de Ciampino \u00e0s 18.30 horas de Roma, depois de 6 horas de viagem. Como de costume, antes de entrar no Vaticano o Papa foi \u00e0 Bas\u00edlica de Santa Maria Maior para a agradecer a \u201cSalus Populi romani\u201d gratid\u00e3o \u00e0 virgem Maria pelo bom sucesso da viagem e da visita apost\u00f3lica \u00e0 \u00c1frica. Trata-se da 28\u00aa visita do Santo padre a essa Bas\u00edlica, tradi\u00e7\u00e3o que o Para segue sempre, imediatamente antes e depois das suas viagens apost\u00f3licas e nas festividades marianas. A Bas\u00edlica de Santa Maria Maior, cont\u00e9m uma das est\u00e1tuas mais antigas e veneradas pelos romanos, desde a idade m\u00e9dia.<\/p>\n<p style=\"text-align: justify;\">Fonte: R\u00e1dio Vaticano<\/p>\n","protected":false},"excerpt":{"rendered":"<p>Terminou ontem, 30 de Novembro, a Primeira viagem do Papa Francisco \u00e0 \u00c1frica que culminou com a Missa em Bangui. O avi\u00e3o que trouxe a bordo o Santo Padre aterrou no aeroporto italiano de Ciampino \u00e0s 18.30 horas de Roma, depois de 6 horas de viagem. Como de costume, antes de entrar no Vaticano o [&hellip;]<\/p>\n","protected":false},"author":1,"featured_media":0,"comment_status":"open","ping_status":"open","sticky":false,"template":"","format":"standard","meta":{"footnotes":""},"categories":[3],"tags":[],"class_list":["post-12487","post","type-post","status-publish","format-standard","hentry","category-vaticano"],"_links":{"self":[{"href":"https:\/\/catolicanet.net\/wp-cnet\/wp-json\/wp\/v2\/posts\/12487","targetHints":{"allow":["GET"]}}],"collection":[{"href":"https:\/\/catolicanet.net\/wp-cnet\/wp-json\/wp\/v2\/posts"}],"about":[{"href":"https:\/\/catolicanet.net\/wp-cnet\/wp-json\/wp\/v2\/types\/post"}],"author":[{"embeddable":true,"href":"https:\/\/catolicanet.net\/wp-cnet\/wp-json\/wp\/v2\/users\/1"}],"replies":[{"embeddable":true,"href":"https:\/\/catolicanet.net\/wp-cnet\/wp-json\/wp\/v2\/comments?post=12487"}],"version-history":[{"count":1,"href":"https:\/\/catolicanet.net\/wp-cnet\/wp-json\/wp\/v2\/posts\/12487\/revisions"}],"predecessor-version":[{"id":24566,"href":"https:\/\/catolicanet.net\/wp-cnet\/wp-json\/wp\/v2\/posts\/12487\/revisions\/24566"}],"wp:attachment":[{"href":"https:\/\/catolicanet.net\/wp-cnet\/wp-json\/wp\/v2\/media?parent=12487"}],"wp:term":[{"taxonomy":"category","embeddable":true,"href":"https:\/\/catolicanet.net\/wp-cnet\/wp-json\/wp\/v2\/categories?post=12487"},{"taxonomy":"post_tag","embeddable":true,"href":"https:\/\/catolicanet.net\/wp-cnet\/wp-json\/wp\/v2\/tags?post=12487"}],"curies":[{"name":"wp","href":"https:\/\/api.w.org\/{rel}","templated":true}]}}