{"id":12486,"date":"2015-12-01T15:21:54","date_gmt":"2015-12-01T17:21:54","guid":{"rendered":"http:\/\/catolicanet.net\/wp-cnet\/2015\/12\/01\/1d-de-dezembro-dia-mundial-de-combate-a-aids\/"},"modified":"2017-05-31T13:20:39","modified_gmt":"2017-05-31T16:20:39","slug":"1d-de-dezembro-dia-mundial-de-combate-a-aids","status":"publish","type":"post","link":"https:\/\/catolicanet.net\/wp-cnet\/1d-de-dezembro-dia-mundial-de-combate-a-aids\/","title":{"rendered":"1\u00b0 de dezembro: Dia Mundial de Combate \u00e0 AIDS"},"content":{"rendered":"<p style=\"text-align: justify;\"><img decoding=\"async\" src=\"http:\/\/catolicanet.com.br\/images\/stories\/000 a a a aids capa.png\" border=\"0\" align=\"left\" \/>O dia 1\u00b0 de dezembro \u00e9 o dia mundial de combate \u00e0 AIDS (sigla em Ingl\u00eas: Acquired Immune Deficiency Syndrome). A AIDS \u00e9 uma doen\u00e7a que ataca o sistema imunol\u00f3gico do homem, permitindo que seu organismo fique fragilizado, podendo ser contaminado com o v\u00edrus de v\u00e1rias outras doen\u00e7as.<br \/>O v\u00edrus respons\u00e1vel pela doen\u00e7a \u00e9 o HIV (v\u00edrus humano da imunodefici\u00eancia), fazendo da AIDS a quarta doen\u00e7a que mais causa morte no mundo.<\/p>\n<p><img decoding=\"async\" src=\"http:\/\/catolicanet.com.br\/images\/stories\/000 a a a a aids.jpg\" border=\"0\" align=\"right\" \/>Institu\u00eddo no final da d\u00e9cada de oitenta, o dia primeiro de dezembro une pessoas do mundo todo a fim de fazer um manifesto de conscientiza\u00e7\u00e3o sobre a doen\u00e7a e seus maiores problemas.<\/p>\n<p>As formas de cont\u00e1gio s\u00e3o atrav\u00e9s de uso compartilhado de seringas, alicates de unha, instrumentos n\u00e3o esterilizados que furam e cortam, gravidez de mulheres infectadas e, principalmente, rela\u00e7\u00f5es sexuais.<\/p>\n<p>As transfus\u00f5es de sangue tamb\u00e9m s\u00e3o uma forma de cont\u00e1gio, mas no Brasil este risco chega a quase zero. Por\u00e9m, tivemos casos de milhares de pessoas infectadas dessa maneira, como o caso do soci\u00f3logo Herbert Jos\u00e9 de Sousa, o Betinho, que em 1986 foi contaminado em raz\u00e3o da hemofilia. Numa triste hist\u00f3ria, seus dois irm\u00e3os, Henfil e Chico M\u00e1rio, faleceram da mesma maneira no ano de 1988.<\/p>\n<p>Com isso, foram criadas campanhas de defesa aos direitos dos portadores do v\u00edrus HIV, fundando-se a Associa\u00e7\u00e3o Brasileira Interdisciplinar de AIDS.<\/p>\n<p><img decoding=\"async\" src=\"http:\/\/catolicanet.com.br\/images\/stories\/000 a a a pastoral aids.png\" border=\"0\" align=\"left\" \/>A Pastoral de DST\/Aids<br \/>A Confer\u00eancia Nacional dos Bispos do Brasil (CNBB) criou a Pastoral de DST\/Aids que re\u00fane crist\u00e3os capacitados e comprometidos no trabalho de preven\u00e7\u00e3o e assist\u00eancia. \u00c9 a Igreja comprometida para que a vida prevale\u00e7a, segundo o ensinamento de Jesus: \u201cEu vim para que todos tenham vida\u201d.<\/p>\n<p>Miss\u00e3o<br \/>Em comunh\u00e3o com a Igreja, evangelizar homens e mulheres. Atenta \u00e0s necessidades das pessoas que vivem com HIV, trabalhar na preven\u00e7\u00e3o e contribuir com a sociedade na conten\u00e7\u00e3o da epidemia, envolvendo todos os crist\u00e3os na luta contra a Aids.<\/p>\n<p>Compromisso<br \/>&#8220;Servi\u00e7o de preven\u00e7\u00e3o ao HIV e assist\u00eancia aos soropositivos: a Igreja assume este servi\u00e7o e, sem preconceitos, acolhe, acompanha e defende os direitos daqueles e daquelas que foram infectados pela Aids. Faz tamb\u00e9m o trabalho de preven\u00e7\u00e3o, pela conscientiza\u00e7\u00e3o dos valores evang\u00e9licos, sendo presen\u00e7a misericordiosa e promovendo a vida como bem maior.\u201d (Diretrizes Gerais da CNBB 2003-2006, n. 123)<\/p>\n<p>Segundo informa\u00e7\u00f5es do minist\u00e9rio da sa\u00fade, no Brasil, entre 1980 e 2007, foram constatados mais de 470 mil casos de contamina\u00e7\u00e3o.<\/p>\n<p>No \u00e2mbito mundial, a contamina\u00e7\u00e3o chega a sete mil e quinhentos casos por dia, sendo que at\u00e9 o fim de 2007 os casos atingiram trinta e tr\u00eas milh\u00f5es de pessoas, por dados da Organiza\u00e7\u00e3o Mundial de Sa\u00fade.<\/p>\n<p>Os principais sintomas da doen\u00e7a s\u00e3o: diarreias, herpes, infec\u00e7\u00f5es cerebrais e o aparecimento de c\u00e2ncer. Al\u00e9m desses, como o organismo da pessoa infectada encontra-se muito fraco e debilitado, surgem outras doen\u00e7as como gripes, pneumonia, tuberculose, meningite e dem\u00eancia \u2013 j\u00e1 em est\u00e1gio bem mais avan\u00e7ado.<\/p>\n<p>O tratamento da doen\u00e7a \u00e9 feito atrav\u00e9s de um coquetel de drogas, descoberto em 1995. Por\u00e9m a medica\u00e7\u00e3o, por ser muito forte, causa efeitos colaterais como a diminui\u00e7\u00e3o das disfun\u00e7\u00f5es renais e do f\u00edgado.<\/p>\n<p>Al\u00e9m disso, os pacientes necessitam de acompanhamento m\u00e9dico constante, al\u00e9m de aux\u00edlio nas \u00e1reas da psicologia, psiquiatria, servi\u00e7o social, nutri\u00e7\u00e3o e outras.<\/p>\n<p>Com informa\u00e7\u00f5es do site www.mundoeducacao<\/p>\n<p style=\"text-align: justify;\">Fonte: POM<\/p>\n","protected":false},"excerpt":{"rendered":"<p>O dia 1\u00b0 de dezembro \u00e9 o dia mundial de combate \u00e0 AIDS (sigla em Ingl\u00eas: Acquired Immune Deficiency Syndrome). A AIDS \u00e9 uma doen\u00e7a que ataca o sistema imunol\u00f3gico do homem, permitindo que seu organismo fique fragilizado, podendo ser contaminado com o v\u00edrus de v\u00e1rias outras doen\u00e7as.O v\u00edrus respons\u00e1vel pela doen\u00e7a \u00e9 o HIV [&hellip;]<\/p>\n","protected":false},"author":1,"featured_media":0,"comment_status":"open","ping_status":"open","sticky":false,"template":"","format":"standard","meta":{"footnotes":""},"categories":[4],"tags":[],"class_list":["post-12486","post","type-post","status-publish","format-standard","hentry","category-cotidiano"],"_links":{"self":[{"href":"https:\/\/catolicanet.net\/wp-cnet\/wp-json\/wp\/v2\/posts\/12486","targetHints":{"allow":["GET"]}}],"collection":[{"href":"https:\/\/catolicanet.net\/wp-cnet\/wp-json\/wp\/v2\/posts"}],"about":[{"href":"https:\/\/catolicanet.net\/wp-cnet\/wp-json\/wp\/v2\/types\/post"}],"author":[{"embeddable":true,"href":"https:\/\/catolicanet.net\/wp-cnet\/wp-json\/wp\/v2\/users\/1"}],"replies":[{"embeddable":true,"href":"https:\/\/catolicanet.net\/wp-cnet\/wp-json\/wp\/v2\/comments?post=12486"}],"version-history":[{"count":1,"href":"https:\/\/catolicanet.net\/wp-cnet\/wp-json\/wp\/v2\/posts\/12486\/revisions"}],"predecessor-version":[{"id":26626,"href":"https:\/\/catolicanet.net\/wp-cnet\/wp-json\/wp\/v2\/posts\/12486\/revisions\/26626"}],"wp:attachment":[{"href":"https:\/\/catolicanet.net\/wp-cnet\/wp-json\/wp\/v2\/media?parent=12486"}],"wp:term":[{"taxonomy":"category","embeddable":true,"href":"https:\/\/catolicanet.net\/wp-cnet\/wp-json\/wp\/v2\/categories?post=12486"},{"taxonomy":"post_tag","embeddable":true,"href":"https:\/\/catolicanet.net\/wp-cnet\/wp-json\/wp\/v2\/tags?post=12486"}],"curies":[{"name":"wp","href":"https:\/\/api.w.org\/{rel}","templated":true}]}}