{"id":12477,"date":"2015-11-30T13:57:42","date_gmt":"2015-11-30T15:57:42","guid":{"rendered":"http:\/\/catolicanet.net\/wp-cnet\/2015\/11\/30\/catedral-de-bangui-escreve-uma-nova-pagina-na-sua-historia\/"},"modified":"2017-06-02T10:02:41","modified_gmt":"2017-06-02T13:02:41","slug":"catedral-de-bangui-escreve-uma-nova-pagina-na-sua-historia","status":"publish","type":"post","link":"https:\/\/catolicanet.net\/wp-cnet\/catedral-de-bangui-escreve-uma-nova-pagina-na-sua-historia\/","title":{"rendered":"Catedral de Bangui escreve uma nova p\u00e1gina na sua hist\u00f3ria"},"content":{"rendered":"<p style=\"text-align: justify;\"><img decoding=\"async\" src=\"http:\/\/catolicanet.com.br\/images\/stories\/ap3196987.jpg\" border=\"0\" align=\"left\" \/>A Catedral de Bangui, dedicada \u00e0 Imaculada Concei\u00e7\u00e3o, e onde o Papa abriu neste domingo a Porta Santa, foi constru\u00edda em 1937. A sua constru\u00e7\u00e3o durou dois anos e foi tornada poss\u00edvel gra\u00e7as \u00e0 participa\u00e7\u00e3o f\u00edsica de mission\u00e1rios, ne\u00f3fitos e catec\u00famenos que transportavam tijolos \u00e0 cabe\u00e7a quando os cami\u00f5es avariavam.<\/p>\n<p>A consagra\u00e7\u00e3o da Catedral em 1938 coincidiu com a ordena\u00e7\u00e3o do primeiro sacerdote nativo da Rep\u00fablica Centro-africana, Padre Barth\u00e9l\u00e9my Buganda. O primeiro bispo origin\u00e1rio do Pa\u00eds, D. Joachim Ndayen foi ali ordenado pelo pr\u00f3-N\u00fancio Apost\u00f3lico, D. Luigi Poggi (1969). O evento foi vivido como uma grande festa nacional. Concelebraram 17 bispos e uma centena de sacerdotes, na presen\u00e7a do Chefe de Estado e de cerca de 10 mil fi\u00e9is.<\/p>\n<p>O edif\u00edcio foi restaurado em 1961-62 e, em 1976-77 foi modernizado e enriquecido\u00a0 com cinco lampad\u00e1rios de cristal pelo Presidente Bokassa que ali se fez coroar como Imperador.\u00a0 Jo\u00e3o Paulo II ali celebrou durante a sua visita \u00e0 RCA em agosto de 1985. E em 1994 a Catedral foi cen\u00e1rio das celebra\u00e7\u00f5es do centen\u00e1rio da Igreja no Pa\u00eds e da oitava Assembleia plen\u00e1ria das Confer\u00eancias Episcopais da regi\u00e3o Centro-africana (2008).<\/p>\n<p>O atual Arcebispo de Bangui, D. Dieudonn\u00e9 Nzapalainga foi ordenado na Catedral a 22 de Julho de 2012. A estrutura anexa \u00e0 Catedral inclui um centro de inform\u00e1tica, um ambulat\u00f3rio gerido pela Confraternidade de S\u00e3o Vicente de Paulo, uma livraria e um local onde se re\u00fanem os movimentos e grupos pastorais (cerca de 30). Al\u00e9m disso, est\u00e3o ativas na Diocese cinco Comunidades Eclesiais de Base.<\/p>\n<p>Sendo agora escolhida pelo Papa Francisco para abrir neste dia 29 de Novembro a Porta Santa do Ano Jubileu Extraordin\u00e1rio da Miseric\u00f3rdia, a Catedral de Bangui escreve uma nova p\u00e1gina na sua hist\u00f3ria. E o desejo do Papa \u00e9 que isto representa uma era nova de paz e reconcilia\u00e7\u00e3o para os povos do Pa\u00eds.<\/p>\n<p style=\"text-align: justify;\">Fonte: R\u00e1dio Vaticano<\/p>\n","protected":false},"excerpt":{"rendered":"<p>A Catedral de Bangui, dedicada \u00e0 Imaculada Concei\u00e7\u00e3o, e onde o Papa abriu neste domingo a Porta Santa, foi constru\u00edda em 1937. A sua constru\u00e7\u00e3o durou dois anos e foi tornada poss\u00edvel gra\u00e7as \u00e0 participa\u00e7\u00e3o f\u00edsica de mission\u00e1rios, ne\u00f3fitos e catec\u00famenos que transportavam tijolos \u00e0 cabe\u00e7a quando os cami\u00f5es avariavam. A consagra\u00e7\u00e3o da Catedral em [&hellip;]<\/p>\n","protected":false},"author":1,"featured_media":0,"comment_status":"open","ping_status":"open","sticky":false,"template":"","format":"standard","meta":{"footnotes":""},"categories":[3],"tags":[],"class_list":["post-12477","post","type-post","status-publish","format-standard","hentry","category-vaticano"],"_links":{"self":[{"href":"https:\/\/catolicanet.net\/wp-cnet\/wp-json\/wp\/v2\/posts\/12477","targetHints":{"allow":["GET"]}}],"collection":[{"href":"https:\/\/catolicanet.net\/wp-cnet\/wp-json\/wp\/v2\/posts"}],"about":[{"href":"https:\/\/catolicanet.net\/wp-cnet\/wp-json\/wp\/v2\/types\/post"}],"author":[{"embeddable":true,"href":"https:\/\/catolicanet.net\/wp-cnet\/wp-json\/wp\/v2\/users\/1"}],"replies":[{"embeddable":true,"href":"https:\/\/catolicanet.net\/wp-cnet\/wp-json\/wp\/v2\/comments?post=12477"}],"version-history":[{"count":1,"href":"https:\/\/catolicanet.net\/wp-cnet\/wp-json\/wp\/v2\/posts\/12477\/revisions"}],"predecessor-version":[{"id":27776,"href":"https:\/\/catolicanet.net\/wp-cnet\/wp-json\/wp\/v2\/posts\/12477\/revisions\/27776"}],"wp:attachment":[{"href":"https:\/\/catolicanet.net\/wp-cnet\/wp-json\/wp\/v2\/media?parent=12477"}],"wp:term":[{"taxonomy":"category","embeddable":true,"href":"https:\/\/catolicanet.net\/wp-cnet\/wp-json\/wp\/v2\/categories?post=12477"},{"taxonomy":"post_tag","embeddable":true,"href":"https:\/\/catolicanet.net\/wp-cnet\/wp-json\/wp\/v2\/tags?post=12477"}],"curies":[{"name":"wp","href":"https:\/\/api.w.org\/{rel}","templated":true}]}}