{"id":12468,"date":"2015-11-30T10:55:20","date_gmt":"2015-11-30T12:55:20","guid":{"rendered":"http:\/\/catolicanet.net\/wp-cnet\/2015\/11\/30\/o-escarnio-de-uma-re-publica\/"},"modified":"2017-05-09T11:00:30","modified_gmt":"2017-05-09T14:00:30","slug":"o-escarnio-de-uma-re-publica","status":"publish","type":"post","link":"https:\/\/catolicanet.net\/wp-cnet\/o-escarnio-de-uma-re-publica\/","title":{"rendered":"O esc\u00e1rnio de uma r\u00e9 p\u00fablica"},"content":{"rendered":"<p style=\"text-align: justify;\">Sim, nossas institui\u00e7\u00f5es est\u00e3o no banco dos r\u00e9us. A na\u00e7\u00e3o se tornou uma r\u00e9 julgada e estigmatizada publicamente, a n\u00edvel mundial. Como bem sintetizou a ministra C\u00e1rmen L\u00facia, do STF, da esperan\u00e7a sobrou o medo, que se tornou cinismo e que se deixou vencer pelo esc\u00e1rnio dos sanguessugas no poder. Chegamos ao fundo do fundo, de um po\u00e7o sem limites. Quando algu\u00e9m institu\u00eddo do privil\u00e9gio de representar seu povo como guardi\u00e3o e conselheiro das leis que nos regem (\u00e9 essa a atribui\u00e7\u00e3o de um senador \u2013 Senado = conselho dos anci\u00e3os) se acha no direito de eliminar provas que incriminem suas pr\u00f3prias mazelas, usando para isso de privil\u00e9gios usurpados do povo que representa, realmente, h\u00e1 de se ter medo dessa esperan\u00e7a desviada.<br \/> O c\u00ednico desta situa\u00e7\u00e3o \u00e9 ter sido essa esperan\u00e7a alimentada por um ideal democr\u00e1tico que ultrapassou e venceu muitas das barreiras do outrora autoritarismo institucionalizado. Sa\u00edmos de um buraco e ca\u00edmos noutro maior ainda. Nossa estrada carece de melhor pavimenta\u00e7\u00e3o. Os desvios \u00e0 direita ou \u00e0 esquerda ainda necessitam ser mais bem sinalizados. O que n\u00e3o podemos \u00e9 estacionar a meio caminho andado, quando ainda nos sobra um largo horizonte de cen\u00e1rios promissores e uma meta a se alcan\u00e7ar usando dos muitos recursos que ainda temos e das potencialidades extraordin\u00e1rias de uma na\u00e7\u00e3o rica, coesa, promissora, \u201caben\u00e7oada por Deus e bonita por natureza\u201d, como reza a can\u00e7\u00e3o. Em julgamento est\u00e1 a fibra do povo, n\u00e3o o cinismo de alguns.<br \/> Quanto ao esc\u00e1rnio que o mundo lan\u00e7a sobre nossas institui\u00e7\u00f5es, classificando-nos como um dos pa\u00edses mais corruptos, n\u00e3o levam em conta o esfor\u00e7o que essas mesmas institui\u00e7\u00f5es hoje realizam para desmascarar, julgar, penalizar os que se excederam no exerc\u00edcio de seus poderes. Nesse aspecto, h\u00e1 de se aplaudir e louvar a coragem dos que deflagram muitas das opera\u00e7\u00f5es em curso. Pior esc\u00e1rnio \u00e9 daqueles que se acham livres de qualquer puni\u00e7\u00e3o; n\u00e3o perdem por esperar. Temos a coragem da den\u00fancia, mas n\u00e3o a vergonha de esconder o lixo debaixo do tapete de suntuosos pal\u00e1cios, que representam muitos dos poderes humanos, mas camuflam suas garras e belicosidade diante dos injusti\u00e7ados pela for\u00e7a desses poderes. Maior cinismo e esc\u00e1rnio escondem essas na\u00e7\u00f5es, dissimuladas em seu jogo de poderes, em seus intentos de domina\u00e7\u00e3o. Aqui, pelo menos, se tenta lavar a cara e limpar nossos pisos de ch\u00e3o batido, nossa pobreza quase mendicante, por\u00e9m em paz e ainda temente a Deus. <br \/> HOMENAGEM P\u00d3STUMA<br \/> Fa\u00e7o um hiato nesta coluna para prestar minha homenagem a D. Jos\u00e9 Benedito Sim\u00e3o, 64 anos, bispo da minha querida diocese de Assis, que nos deixou repentinamente dia 28 de novembro, v\u00edtima de um AVC. Fisionomia sempre serena, sorriso discreto, fala contida deixa um vazio em muitos dos cora\u00e7\u00f5es que conviveram com ele e souberam compreender seu cora\u00e7\u00e3o paternal e seu pastoreio meticuloso. Tal descri\u00e7\u00e3o de seu r\u00e1pido episcopado entre n\u00f3s salienta a import\u00e2ncia desse minist\u00e9rio cat\u00f3lico, essencial na manuten\u00e7\u00e3o da unidade do povo de Deus. Prova disso foi o afluxo surpreendente do povo ao seu longo vel\u00f3rio na catedral diocesana, agora morada definitiva de seus restos mortais. Na simplicidade de um pastor sempre atento e respons\u00e1vel, levou a palavra e realizou muitas obras, sem alardes, sem vaidade. Encontro eco na autodefini\u00e7\u00e3o que Paulo fez de seu minist\u00e9rio: \u201cPorque eu n\u00e3o ousaria falar de coisas que Cristo n\u00e3o tivesse operado por mim, para trazer as gentes \u00e0 obedi\u00eancia, com a palavra e com obras\u201d. (Rom 15, 18). <\/p>\n<p><\/p>\n","protected":false},"excerpt":{"rendered":"<p>Sim, nossas institui\u00e7\u00f5es est\u00e3o no banco dos r\u00e9us. A na\u00e7\u00e3o se tornou uma r\u00e9 julgada e estigmatizada publicamente, a n\u00edvel mundial. Como bem sintetizou a ministra C\u00e1rmen L\u00facia, do STF, da esperan\u00e7a sobrou o medo, que se tornou cinismo e que se deixou vencer pelo esc\u00e1rnio dos sanguessugas no poder. Chegamos ao fundo do fundo, [&hellip;]<\/p>\n","protected":false},"author":17,"featured_media":0,"comment_status":"open","ping_status":"open","sticky":false,"template":"","format":"standard","meta":{"footnotes":""},"categories":[9],"tags":[],"class_list":["post-12468","post","type-post","status-publish","format-standard","hentry","category-artigos"],"_links":{"self":[{"href":"https:\/\/catolicanet.net\/wp-cnet\/wp-json\/wp\/v2\/posts\/12468","targetHints":{"allow":["GET"]}}],"collection":[{"href":"https:\/\/catolicanet.net\/wp-cnet\/wp-json\/wp\/v2\/posts"}],"about":[{"href":"https:\/\/catolicanet.net\/wp-cnet\/wp-json\/wp\/v2\/types\/post"}],"author":[{"embeddable":true,"href":"https:\/\/catolicanet.net\/wp-cnet\/wp-json\/wp\/v2\/users\/17"}],"replies":[{"embeddable":true,"href":"https:\/\/catolicanet.net\/wp-cnet\/wp-json\/wp\/v2\/comments?post=12468"}],"version-history":[{"count":1,"href":"https:\/\/catolicanet.net\/wp-cnet\/wp-json\/wp\/v2\/posts\/12468\/revisions"}],"predecessor-version":[{"id":21831,"href":"https:\/\/catolicanet.net\/wp-cnet\/wp-json\/wp\/v2\/posts\/12468\/revisions\/21831"}],"wp:attachment":[{"href":"https:\/\/catolicanet.net\/wp-cnet\/wp-json\/wp\/v2\/media?parent=12468"}],"wp:term":[{"taxonomy":"category","embeddable":true,"href":"https:\/\/catolicanet.net\/wp-cnet\/wp-json\/wp\/v2\/categories?post=12468"},{"taxonomy":"post_tag","embeddable":true,"href":"https:\/\/catolicanet.net\/wp-cnet\/wp-json\/wp\/v2\/tags?post=12468"}],"curies":[{"name":"wp","href":"https:\/\/api.w.org\/{rel}","templated":true}]}}