{"id":12465,"date":"2015-11-27T17:01:53","date_gmt":"2015-11-27T19:01:53","guid":{"rendered":"http:\/\/catolicanet.net\/wp-cnet\/2015\/11\/27\/perante-a-onu-em-nairobi-o-papa-denuncia-o-comercio-ilegal\/"},"modified":"2017-05-30T13:31:54","modified_gmt":"2017-05-30T16:31:54","slug":"perante-a-onu-em-nairobi-o-papa-denuncia-o-comercio-ilegal","status":"publish","type":"post","link":"https:\/\/catolicanet.net\/wp-cnet\/perante-a-onu-em-nairobi-o-papa-denuncia-o-comercio-ilegal\/","title":{"rendered":"Perante a ONU em Nairobi o Papa denuncia o com\u00e9rcio ilegal"},"content":{"rendered":"<p style=\"text-align: justify;\">Manifestou a sua esperan\u00e7a na COP 21. Pediu que a economia e pol\u00edtica sejam colocadas a servi\u00e7o dos povos, a necessidade da urbaniza\u00e7\u00e3o como instrumento de integra\u00e7\u00e3o, da aten\u00e7\u00e3o sanit\u00e1ria, deixando de lado os interesses setoriais e ideologias<\/p>\n<p>O Santo Padre Francisco visitou nesta quinta-feira pela tarde, como parte do seu programa no Qu\u00eania, a sede da Organiza\u00e7\u00e3o das Na\u00e7\u00f5es Unidas em Nairobi (UNON). O Santo Padre chegou ao edif\u00edcio e foi recebido pela diretora geral, a senhora Sahle-Work Zewde, juntamente com outras autoridades.<\/p>\n<p>Depois de assinar o livro de Ouro, o Pont\u00edfice dirigiu-se ao parque para plantar uma \u00e1rvore, como s\u00edmbolo da defesa da cria\u00e7\u00e3o, um \u201cgesto simb\u00f3lico e simples, carregado de significado em tantas culturas\u201d, disse.<\/p>\n<p>Chegando no novo edif\u00edcio da UNEP (United Nations Environment Programme), os presentes o receberam com grande entusiasmo e aplausos. O Papa recordou-lhes que em breve come\u00e7ar\u00e1 em Paris a c\u00fapula cop 21 sobre o clima, onde se espera um acordo global baseado \u201cnos princ\u00edpios de solidariedade, justi\u00e7a, equidade e participa\u00e7\u00e3o\u201d.<\/p>\n<p>Dessa forma, pediu que a economia e pol\u00edtica sejam colocadas a servi\u00e7o dos povos, sem cair na \u201cglobaliza\u00e7\u00e3o da indiferen\u00e7a, nem nas formas extremas da cultura do descarte e da exclus\u00e3o social&#8221;, ou nas \u201cnovas formas de escravid\u00e3o, o tr\u00e1fico de pessoas, o trabalho for\u00e7ado, a prostitui\u00e7\u00e3o, o tr\u00e1fico de \u00f3rg\u00e3os\u201d.<\/p>\n<p>O Papa tamb\u00e9m pediu que &#8220;o processo de urbaniza\u00e7\u00e3o se transforme em um instrumento para o desenvolvimento e a integra\u00e7\u00e3o, para garantir a todos, condi\u00e7\u00f5es de vida dignas\u201d.<\/p>\n<p>Outra quest\u00e3o foram os tratados de livre com\u00e9rcio regionais que \u201cdeveriam ser um instrumento para garantir um m\u00ednimo de aten\u00e7\u00e3o sanit\u00e1ria e de acesso aos rem\u00e9dios b\u00e1sicos para todos\u201d e de continuar no combate a doen\u00e7as como a mal\u00e1ria e a tuberculose.<\/p>\n<p>O Papa concluiu a sua interven\u00e7\u00e3o afirmando sua esperan\u00e7a de que a ajuda multilateral possa dar um futuro seguro. \u201cAssim ser\u00e1 \u2013 concluiu \u2013 se os representantes dos Estados souberem deixar de lado os interesses setoriais e ideologias, e buscar sinceramente o servi\u00e7o do bem comum\u201d.<\/p>\n<p style=\"text-align: justify;\">Fonte: Zenit<\/p>\n","protected":false},"excerpt":{"rendered":"<p>Manifestou a sua esperan\u00e7a na COP 21. Pediu que a economia e pol\u00edtica sejam colocadas a servi\u00e7o dos povos, a necessidade da urbaniza\u00e7\u00e3o como instrumento de integra\u00e7\u00e3o, da aten\u00e7\u00e3o sanit\u00e1ria, deixando de lado os interesses setoriais e ideologias O Santo Padre Francisco visitou nesta quinta-feira pela tarde, como parte do seu programa no Qu\u00eania, a [&hellip;]<\/p>\n","protected":false},"author":1,"featured_media":0,"comment_status":"open","ping_status":"open","sticky":false,"template":"","format":"standard","meta":{"footnotes":""},"categories":[3],"tags":[],"class_list":["post-12465","post","type-post","status-publish","format-standard","hentry","category-vaticano"],"_links":{"self":[{"href":"https:\/\/catolicanet.net\/wp-cnet\/wp-json\/wp\/v2\/posts\/12465","targetHints":{"allow":["GET"]}}],"collection":[{"href":"https:\/\/catolicanet.net\/wp-cnet\/wp-json\/wp\/v2\/posts"}],"about":[{"href":"https:\/\/catolicanet.net\/wp-cnet\/wp-json\/wp\/v2\/types\/post"}],"author":[{"embeddable":true,"href":"https:\/\/catolicanet.net\/wp-cnet\/wp-json\/wp\/v2\/users\/1"}],"replies":[{"embeddable":true,"href":"https:\/\/catolicanet.net\/wp-cnet\/wp-json\/wp\/v2\/comments?post=12465"}],"version-history":[{"count":1,"href":"https:\/\/catolicanet.net\/wp-cnet\/wp-json\/wp\/v2\/posts\/12465\/revisions"}],"predecessor-version":[{"id":24570,"href":"https:\/\/catolicanet.net\/wp-cnet\/wp-json\/wp\/v2\/posts\/12465\/revisions\/24570"}],"wp:attachment":[{"href":"https:\/\/catolicanet.net\/wp-cnet\/wp-json\/wp\/v2\/media?parent=12465"}],"wp:term":[{"taxonomy":"category","embeddable":true,"href":"https:\/\/catolicanet.net\/wp-cnet\/wp-json\/wp\/v2\/categories?post=12465"},{"taxonomy":"post_tag","embeddable":true,"href":"https:\/\/catolicanet.net\/wp-cnet\/wp-json\/wp\/v2\/tags?post=12465"}],"curies":[{"name":"wp","href":"https:\/\/api.w.org\/{rel}","templated":true}]}}