{"id":12454,"date":"2015-11-27T13:09:49","date_gmt":"2015-11-27T15:09:49","guid":{"rendered":"http:\/\/catolicanet.net\/wp-cnet\/2015\/11\/27\/nairobi-papa-francisco-aos-jovens-quenianos\/"},"modified":"2017-06-02T11:23:52","modified_gmt":"2017-06-02T14:23:52","slug":"nairobi-papa-francisco-aos-jovens-quenianos","status":"publish","type":"post","link":"https:\/\/catolicanet.net\/wp-cnet\/nairobi-papa-francisco-aos-jovens-quenianos\/","title":{"rendered":"Nairobi: Papa Francisco aos jovens quenianos"},"content":{"rendered":"<p style=\"text-align: justify;\"><img decoding=\"async\" src=\"http:\/\/catolicanet.com.br\/images\/stories\/epa1914012_articolo.jpg\" border=\"0\" align=\"left\" \/>\u201cSe um jovem ou uma jovem n\u00e3o tiver trabalho e n\u00e3o puder estudar o que \u00e9 que poderia fazer?\u201d&#8230; \u201cPoderia correr o risco de cair na depend\u00eancia da droga, praticar actividades criminosas e at\u00e9 suicidar-se\u201d. S\u00e3o palavras do Papa Francisco aos jovens quenianos &#8211; EPA<br \/>27\/11\/2015 12:58<br \/>PARTILHA:<\/p>\n<p>Um dos momentos mais significativos da visita do Papa ao Qu\u00e9nia, foi o encontro com os Jovens quenianos, que teve lugar na manh\u00e3 desta sexta-feira \u00e0s 10 horas locais, 8 horas de Roma no Est\u00e1dio de Kasarani. No discurso, em forma de di\u00e1logo, o Papa Francisco pediu aos 70 mil jovens presentes que se dessem as m\u00e3os, de modo a formar uma grande corrente humana, em representa\u00e7\u00e3o de toda a na\u00e7\u00e3o Queniana. Em seguida o Papa exortou os jovens a rejeitarem aquilo que chamou de \u201ca\u00e7\u00facar da corrup\u00e7\u00e3o\u201d que dissipa a alegria e a paz interior.<\/p>\n<p>Disse aos jovens que deveriam ter sempre esperan\u00e7a: E para melhor ilustrar o seu pensamento, o Santo Padre tirou do bolso o ros\u00e1rio e um livrinho preto com as 14 esta\u00e7\u00f5es da Via Sacra, e disse que aqueles eram instrumentos que d\u00e3o sempre esperan\u00e7a\u201d.<\/p>\n<p>Em seguida, e como resposta ao testemunho pessoal de dois jovens que lhe fizeram algumas perguntas sobre as dificuldades sociais que a juventude de hoje atravessa, o Papa Francisco deixou aos jovens os seguintes interrogativos: \u201cPorque \u00e9 que os jovens, cheios de ideais, se deixam arrastar pelo radicalismo religioso? Porque se distanciam da fam\u00edlia, dos amigos, da p\u00e1tria e da vida? Porque aprendem a matar?<\/p>\n<p>E perguntou ainda: \u201cSe um jovem ou uma jovem n\u00e3o tiver trabalho e n\u00e3o puder estudar o que \u00e9 que poderia fazer?\u201d E retorquiu: \u201cPoderia correr o risco de cair na depend\u00eancia da droga, praticar actividades criminosas e at\u00e9 suicidar-se\u201d.<\/p>\n<p> Na sequ\u00eancia desses interrogativos e ilustra\u00e7\u00e3o de algumas respostas a dar aos problemas dos jovens Francisco disse-lhes\u00a0 que a primeira coisa que um jovem deveria fazer, para evitar cair em tais erros, \u00e9 \u201cter uma boa educa\u00e7\u00e3o e um trabalho\u201d. Se n\u00e3o tiver trabalho (disse o Papa) qual futuro ter\u00e1? Se n\u00e3o tiver educa\u00e7\u00e3o ou qualquer actividade qual ser\u00e1 o seu fim? Eis o perigo social que depende de um sistema injusto, cujo centro n\u00e3o \u00e9 Deus, mas o dinheiro, disse.<\/p>\n<p>Fonte: R\u00e1dio Vaticano<\/p>\n","protected":false},"excerpt":{"rendered":"<p>\u201cSe um jovem ou uma jovem n\u00e3o tiver trabalho e n\u00e3o puder estudar o que \u00e9 que poderia fazer?\u201d&#8230; \u201cPoderia correr o risco de cair na depend\u00eancia da droga, praticar actividades criminosas e at\u00e9 suicidar-se\u201d. S\u00e3o palavras do Papa Francisco aos jovens quenianos &#8211; EPA27\/11\/2015 12:58PARTILHA: Um dos momentos mais significativos da visita do Papa [&hellip;]<\/p>\n","protected":false},"author":1,"featured_media":0,"comment_status":"open","ping_status":"open","sticky":false,"template":"","format":"standard","meta":{"footnotes":""},"categories":[3],"tags":[],"class_list":["post-12454","post","type-post","status-publish","format-standard","hentry","category-vaticano"],"_links":{"self":[{"href":"https:\/\/catolicanet.net\/wp-cnet\/wp-json\/wp\/v2\/posts\/12454","targetHints":{"allow":["GET"]}}],"collection":[{"href":"https:\/\/catolicanet.net\/wp-cnet\/wp-json\/wp\/v2\/posts"}],"about":[{"href":"https:\/\/catolicanet.net\/wp-cnet\/wp-json\/wp\/v2\/types\/post"}],"author":[{"embeddable":true,"href":"https:\/\/catolicanet.net\/wp-cnet\/wp-json\/wp\/v2\/users\/1"}],"replies":[{"embeddable":true,"href":"https:\/\/catolicanet.net\/wp-cnet\/wp-json\/wp\/v2\/comments?post=12454"}],"version-history":[{"count":1,"href":"https:\/\/catolicanet.net\/wp-cnet\/wp-json\/wp\/v2\/posts\/12454\/revisions"}],"predecessor-version":[{"id":28175,"href":"https:\/\/catolicanet.net\/wp-cnet\/wp-json\/wp\/v2\/posts\/12454\/revisions\/28175"}],"wp:attachment":[{"href":"https:\/\/catolicanet.net\/wp-cnet\/wp-json\/wp\/v2\/media?parent=12454"}],"wp:term":[{"taxonomy":"category","embeddable":true,"href":"https:\/\/catolicanet.net\/wp-cnet\/wp-json\/wp\/v2\/categories?post=12454"},{"taxonomy":"post_tag","embeddable":true,"href":"https:\/\/catolicanet.net\/wp-cnet\/wp-json\/wp\/v2\/tags?post=12454"}],"curies":[{"name":"wp","href":"https:\/\/api.w.org\/{rel}","templated":true}]}}