{"id":1245,"date":"2023-03-11T00:00:41","date_gmt":"2023-03-11T03:00:41","guid":{"rendered":"http:\/\/catolicanet.net\/wp-cnet\/?p=1245"},"modified":"2023-01-02T18:46:44","modified_gmt":"2023-01-02T21:46:44","slug":"santa-flora","status":"publish","type":"post","link":"https:\/\/catolicanet.net\/wp-cnet\/santa-flora\/","title":{"rendered":"Santa Flora \/ Santo Eul\u00f3gio"},"content":{"rendered":"<p style=\"text-align: justify;\">Os m\u00e1rtires s\u00e3o verdadeiros luzeiros que nos iluminam com a luz de Cristo e nos chamam ao testemunho radical da f\u00e9. Santa Flora, nascida na cidade de C\u00f3rdoba, foi uma portadora desta Luz do Mundo, por isso recordamos neste dia o seu testemunho. Na \u00e9poca de Flora, os crist\u00e3os estavam sendo duramente perseguidos por fan\u00e1ticos \u00e1rabes, que defendiam uma \u201cGuerra Santa em nome de Maom\u00e9\u201d, onde se buscava destruir o culto a Cristo. Ela aprendeu da fam\u00edlia, o amor e a fidelidade ao Cristo e carregava consigo o testemunho de santidade de seu irm\u00e3o m\u00e1rtir; desta forma, ao ser pega pela segunda vez, acabou jogada numa pris\u00e3o, interrogada e at\u00e9 torturada, mas como n\u00e3o abandonava a f\u00e9 no Deus Vivo, foi condenada \u00e0 morte. Um padre santo que visitou Flora na cadeia, testemunhou: \u201cEu toquei com minhas m\u00e3os nas cicatrizes de sua cabe\u00e7a e de seu rosto desfigurado pelo sofrimento\u201d. Santa Flora viveu no s\u00e9culo IX, com firmeza e na alegria da f\u00e9, de quem receberia, como de fato conquistou, a Vida Eterna.<\/p>\n<p style=\"text-align: justify;\"><strong>Santa Flora, rogai por n\u00f3s!<\/strong><\/p>\n<p style=\"text-align: justify;\">_____________________________________________________________________<\/p>\n<h4 class=\"entry-title\">Santo Eul\u00f3gio<\/h4>\n<p><img decoding=\"async\" class=\"alignleft\" src=\"http:\/\/www.arquisp.org.br\/sites\/default\/files\/santo\/foto\/03-11-santo-eulogio.jpg\" alt=\"Resultado de imagem para Santo Eul\u00f3gio\" \/><\/p>\n<p style=\"text-align: justify;\">Deixou muitos escritos para a Igreja, principalmente sobre o mart\u00edrio.\u00a0Nascido em C\u00f3rdova, Espanha, no s\u00e9culo VIII, descobriu seu chamado ao sacerd\u00f3cio e fez um \u00f3timo caminho formativo, tamb\u00e9m nas \u00e1reas da ci\u00eancia, aprofundando-se nas ci\u00eancias teol\u00f3gicas.<\/p>\n<p style=\"text-align: justify;\">Era um homem de muito estudo, ora\u00e7\u00e3o e amor.<\/p>\n<p style=\"text-align: justify;\">A Espanha foi afetada por invas\u00f5es e o pr\u00edncipe perseguia cruelmente a Igreja, prendendo e matando a muitos crist\u00e3os.<\/p>\n<p style=\"text-align: justify;\">S\u00e3o Eul\u00f3gio deixou muitos escritos, com testemunhos de m\u00e1rtires e santos, assim como obras apolog\u00e9ticas e a \u2018Exorta\u00e7\u00e3o ao mart\u00edrio\u2019, que escreveu na pris\u00e3o.<\/p>\n<p style=\"text-align: justify;\">Ele foi decapitado no dia 11 de mar\u00e7o de 859, recebendo a coroa da vida imortal.<\/p>\n<p><strong>Santo Eul\u00f3gio, rogai por n\u00f3s!<\/strong><\/p>\n<p>&nbsp;<\/p>\n<p><strong>Outros Santos do mesmo dia:<\/strong> S\u00e3o Constantino, S\u00e3o Sofr\u00f4nio, S\u00e3o Vindiciano, S\u00e3o Bento de Mil\u00e3o, S\u00e3o Engo, Santa \u00c1urea, Beato Crist\u00f3v\u00e3o Macassoli, Beato Jo\u00e3o Batista de Fabriano, Beato Tom\u00e1s Atkison e Beato Jo\u00e3o Kearney.<\/p>\n","protected":false},"excerpt":{"rendered":"<p>Os m\u00e1rtires s\u00e3o verdadeiros luzeiros que nos iluminam com a luz de Cristo e nos chamam ao testemunho radical da f\u00e9. Santa Flora, nascida na cidade de C\u00f3rdoba, foi uma portadora desta Luz do Mundo, por isso recordamos neste dia o seu testemunho. Na \u00e9poca de Flora, os crist\u00e3os estavam sendo duramente perseguidos por fan\u00e1ticos [&hellip;]<\/p>\n","protected":false},"author":1,"featured_media":1246,"comment_status":"open","ping_status":"open","sticky":false,"template":"","format":"standard","meta":{"footnotes":""},"categories":[32],"tags":[],"class_list":["post-1245","post","type-post","status-publish","format-standard","has-post-thumbnail","hentry","category-santo-do-dia"],"_links":{"self":[{"href":"https:\/\/catolicanet.net\/wp-cnet\/wp-json\/wp\/v2\/posts\/1245","targetHints":{"allow":["GET"]}}],"collection":[{"href":"https:\/\/catolicanet.net\/wp-cnet\/wp-json\/wp\/v2\/posts"}],"about":[{"href":"https:\/\/catolicanet.net\/wp-cnet\/wp-json\/wp\/v2\/types\/post"}],"author":[{"embeddable":true,"href":"https:\/\/catolicanet.net\/wp-cnet\/wp-json\/wp\/v2\/users\/1"}],"replies":[{"embeddable":true,"href":"https:\/\/catolicanet.net\/wp-cnet\/wp-json\/wp\/v2\/comments?post=1245"}],"version-history":[{"count":3,"href":"https:\/\/catolicanet.net\/wp-cnet\/wp-json\/wp\/v2\/posts\/1245\/revisions"}],"predecessor-version":[{"id":22197,"href":"https:\/\/catolicanet.net\/wp-cnet\/wp-json\/wp\/v2\/posts\/1245\/revisions\/22197"}],"wp:featuredmedia":[{"embeddable":true,"href":"https:\/\/catolicanet.net\/wp-cnet\/wp-json\/wp\/v2\/media\/1246"}],"wp:attachment":[{"href":"https:\/\/catolicanet.net\/wp-cnet\/wp-json\/wp\/v2\/media?parent=1245"}],"wp:term":[{"taxonomy":"category","embeddable":true,"href":"https:\/\/catolicanet.net\/wp-cnet\/wp-json\/wp\/v2\/categories?post=1245"},{"taxonomy":"post_tag","embeddable":true,"href":"https:\/\/catolicanet.net\/wp-cnet\/wp-json\/wp\/v2\/tags?post=1245"}],"curies":[{"name":"wp","href":"https:\/\/api.w.org\/{rel}","templated":true}]}}