{"id":12446,"date":"2015-11-26T16:26:25","date_gmt":"2015-11-26T18:26:25","guid":{"rendered":"http:\/\/catolicanet.net\/wp-cnet\/2015\/11\/26\/editorial-francisco-em-campala-e-bangui\/"},"modified":"2017-06-02T10:25:25","modified_gmt":"2017-06-02T13:25:25","slug":"editorial-francisco-em-campala-e-bangui","status":"publish","type":"post","link":"https:\/\/catolicanet.net\/wp-cnet\/editorial-francisco-em-campala-e-bangui\/","title":{"rendered":"Editorial: Francisco em Campala e Bangui"},"content":{"rendered":"<p style=\"text-align: justify;\"><img decoding=\"async\" src=\"http:\/\/catolicanet.com.br\/images\/stories\/epa1910583_articolo.jpg\" border=\"0\" align=\"left\" \/>A perman\u00eancia de Francisco em terras quenianas no \u00e2mbito da sua 11\u00aa Viagem Apost\u00f3lica terminar\u00e1 na tarde desta sexta-feira, 27 de novembro, quando o voo papal aterrissar no aeroporto de Entebbe, em Uganda. Dois dias e, em seguida, a \u00faltima parte da visita a Bangui, na Rep\u00fablica Centro-Africana. Alguns dos momentos salientes que caracterizam estas duas etapas.<\/p>\n<p>A Porta Santa aberta antes do tempo, quase uma via preferencial para que o dom da Miseric\u00f3rdia atraia a promessa de paz. Como em todas as viagens apost\u00f3licas, os meios de comunica\u00e7\u00e3o identificam o evento catalisador, que vai se tornar o \u00edcone a ser conservado na mem\u00f3ria e a ser perpetuado no futuro. Um destes momentos-foco ser\u00e1, certamente, a abertura da Porta Santa da Catedral de Bangui, capital da martirizada Rep\u00fablica Centro-Africana. O in\u00edcio, \u201cde fato\u201d, do Jubileu que no resto do mundo ser\u00e1 inaugurado no dia da Imaculada, 8 de dezembro. Uma porta que deixa filtrar a luz da esperan\u00e7a sobre os escombros que h\u00e1 anos se acumulam em um pa\u00eds que n\u00e3o consegue encontrar a chave da harmonia interna.<\/p>\n<p>Os m\u00e1rtires de Uganda<\/p>\n<p>Francisco vai pousar entre os \u201cseus\u201d pobres, em um aeroporto mais acostumado a ser um acampamento de refugiados do que aeroporto internacional, com as suas faixas de asfalto empoeiradas de terra vermelha e repleto de pessoas apegadas \u00e0 vida. \u201cVenho trazer a paz\u201d, repetiu o Papa nestes dias, uma mensagem que certamente far\u00e1 eco durante a sua curta estada na Rep\u00fablica Centro-Africana.<\/p>\n<p>Em Campala, Uganda, cada passo de Francisco ser\u00e1 nas pegadas dos M\u00e1rtires do pa\u00eds, um antigo germe crist\u00e3o que brotou nas cabeceiras do Rio Nilo, que, como as \u00e1guas do grande rio, produziu em 130 anos um lodo f\u00e9rtil da presen\u00e7a eclesial, n\u00e3o s\u00f3 no pa\u00eds liderado por Museveni, mas tamb\u00e9m nos Estados vizinhos, onde o sacrif\u00edcio de Carlo Lwanga e seus companheiros deixou um testemunho que atravessa gera\u00e7\u00f5es.<\/p>\n<p>Paz ao longo do Equador<\/p>\n<p>Para o Papa Francisco, uma viagem ao longo da linha do Equador, recordando Paulo VI e especialmente Jo\u00e3o Paulo II, o Papa \u201cafricano\u201d, tendo no cora\u00e7\u00e3o e nos l\u00e1bios um apelo ao valor da paz que nem mesmo no Velho Continente est\u00e1 garantido.<\/p>\n<p style=\"text-align: justify;\">Fonte: R\u00e1dio Vaticano<\/p>\n","protected":false},"excerpt":{"rendered":"<p>A perman\u00eancia de Francisco em terras quenianas no \u00e2mbito da sua 11\u00aa Viagem Apost\u00f3lica terminar\u00e1 na tarde desta sexta-feira, 27 de novembro, quando o voo papal aterrissar no aeroporto de Entebbe, em Uganda. Dois dias e, em seguida, a \u00faltima parte da visita a Bangui, na Rep\u00fablica Centro-Africana. Alguns dos momentos salientes que caracterizam estas [&hellip;]<\/p>\n","protected":false},"author":1,"featured_media":0,"comment_status":"open","ping_status":"open","sticky":false,"template":"","format":"standard","meta":{"footnotes":""},"categories":[3],"tags":[],"class_list":["post-12446","post","type-post","status-publish","format-standard","hentry","category-vaticano"],"_links":{"self":[{"href":"https:\/\/catolicanet.net\/wp-cnet\/wp-json\/wp\/v2\/posts\/12446","targetHints":{"allow":["GET"]}}],"collection":[{"href":"https:\/\/catolicanet.net\/wp-cnet\/wp-json\/wp\/v2\/posts"}],"about":[{"href":"https:\/\/catolicanet.net\/wp-cnet\/wp-json\/wp\/v2\/types\/post"}],"author":[{"embeddable":true,"href":"https:\/\/catolicanet.net\/wp-cnet\/wp-json\/wp\/v2\/users\/1"}],"replies":[{"embeddable":true,"href":"https:\/\/catolicanet.net\/wp-cnet\/wp-json\/wp\/v2\/comments?post=12446"}],"version-history":[{"count":1,"href":"https:\/\/catolicanet.net\/wp-cnet\/wp-json\/wp\/v2\/posts\/12446\/revisions"}],"predecessor-version":[{"id":27901,"href":"https:\/\/catolicanet.net\/wp-cnet\/wp-json\/wp\/v2\/posts\/12446\/revisions\/27901"}],"wp:attachment":[{"href":"https:\/\/catolicanet.net\/wp-cnet\/wp-json\/wp\/v2\/media?parent=12446"}],"wp:term":[{"taxonomy":"category","embeddable":true,"href":"https:\/\/catolicanet.net\/wp-cnet\/wp-json\/wp\/v2\/categories?post=12446"},{"taxonomy":"post_tag","embeddable":true,"href":"https:\/\/catolicanet.net\/wp-cnet\/wp-json\/wp\/v2\/tags?post=12446"}],"curies":[{"name":"wp","href":"https:\/\/api.w.org\/{rel}","templated":true}]}}