{"id":12431,"date":"2015-11-28T03:00:00","date_gmt":"2015-11-28T05:00:00","guid":{"rendered":"http:\/\/catolicanet.net\/wp-cnet\/2015\/11\/28\/evangelizacao-ja\/"},"modified":"2017-05-09T11:01:01","modified_gmt":"2017-05-09T14:01:01","slug":"evangelizacao-ja","status":"publish","type":"post","link":"https:\/\/catolicanet.net\/wp-cnet\/evangelizacao-ja\/","title":{"rendered":"Evangeliza\u00e7\u00e3o J\u00e1!"},"content":{"rendered":"<p style=\"text-align: justify;\">A partir do Domingo de Cristo Rei, iniciamos na Igreja do Brasil a Campanha para a Evangeliza\u00e7\u00e3o. Evangelizar (&#8220;dar a boa not\u00edcia&#8221;) \u00e9 a grande tarefa da Igreja; \u00e9 para isso que ela foi fundada, enviada e sustentada pela for\u00e7a do Esp\u00edrito Santo. Vivemos para evangelizar.<br \/> Esta boa not\u00edcia n\u00e3o \u00e9 outra coisa a n\u00e3o ser o amor de Deus, um amor t\u00e3o incondicional, t\u00e3o absoluto, t\u00e3o veraz como a cruz; um amor que n\u00e3o \u00e9 simplesmente &#8220;pela humanidade&#8221;, mas por mim e por voc\u00ea; um amor que n\u00e3o \u00e9 produto da gan\u00e2ncia ou da conquista pessoal, mas gratuidade benevolente do Senhor.<br \/> \u00c9 um amor gratuito, t\u00e3o gratuito que n\u00e3o \u00e9 merecido nem est\u00e1 sujeito \u00e0s mudan\u00e7as do nosso comportamento \u2013 ainda que necessariamente conduza a elas. N\u00e3o \u00e9 f\u00e1cil evangelizar, pois isso requer a experi\u00eancia pessoal do amor de Deus, da sua ternura, da sua compaix\u00e3o e do seu &#8220;fazer novas todas as coisas&#8221; em mim. Sem isso, podemos simplesmente transmitir verdades de f\u00e9 reveladas pela Escritura, mas que correm o risco de nos tornar crist\u00e3os frios, desses que defendem conceitos, mas n\u00e3o permitem que estes transformem sua pr\u00f3pria vida.<br \/> Evangelizar \u00e9 mostrar os bra\u00e7os abertos de Jesus na cruz, que diz: &#8220;Eu fiz tudo isso por voc\u00ea&#8221;. \u00c9 isso que realmente transforma o cora\u00e7\u00e3o e nos leva \u00e0 experi\u00eancia de uma vida nova. Evangelizar \u00e9 acender uma luz mostrando a verdade: a verdade de uma pessoa, a verdade que \u00e9 Jesus: &#8220;Eu sou o caminho, a verdade e a vida&#8221;. S\u00f3 que este conhecimento da pessoa de Jesus n\u00e3o se limita a &#8220;saber coisas&#8221; sobre Ele, mas significa viver a experi\u00eancia do seu amor, compreender que o que Ele fez tem rela\u00e7\u00e3o direta comigo.<br \/> Criada em 1998 pela Confer\u00eancia Nacional dos Bispos do Brasil, CNBB, a Campanha para a Evangeliza\u00e7\u00e3o mobiliza, anualmente, as comunidades a assumirem a responsabilidade de participar na sustenta\u00e7\u00e3o das atividades pastorais da Igreja no Brasil, neste ano em sintonia com o Jubileu Extraordin\u00e1rio da Miseric\u00f3rdia, que se iniciar\u00e1 oficialmente no dia 8 de dezembro (embora tenha sido aberta a porta da Catedral de Bengui, na Rep\u00fablica Centro Africana, no dia 29 de novembro), findando em 20 de novembro de 2016 (domingo de Cristo Rei). A CE 2015 traz como lema: \u201cSede Misericordiosos\u201d.<br \/> A Campanha come\u00e7ou no domingo em que celebramos a Solenidade de Jesus Cristo Rei do Universo e se estender\u00e1 at\u00e9 o terceiro domingo do Advento. \u00c9 articulada pela Comiss\u00e3o Episcopal para a Campanha para a Evangeliza\u00e7\u00e3o da CNBB. Este ano, a mobiliza\u00e7\u00e3o nacional promover\u00e1 iniciativas que visam a refletir com a comunidade sobre a import\u00e2ncia da acolhida e do perd\u00e3o. O lema est\u00e1 dentro do grande tema recorrente que \u00e9 o \u201cEvangeli J\u00e1\u201d, que nos recorda a urg\u00eancia da evangeliza\u00e7\u00e3o que, neste ano, \u00e9 incrementada com a necessidade de revelarmos o rosto misericordioso de Deus.<br \/> O lema escolhido tamb\u00e9m se volta para o tempo lit\u00fargico do Advento, per\u00edodo de prepara\u00e7\u00e3o para o Natal, e in\u00edcio do Jubileu da Miseric\u00f3rdia. A consequ\u00eancia de nosso entusiasmo pela evangeliza\u00e7\u00e3o ser\u00e1 a coleta realizada nas Santas Missas e celebra\u00e7\u00f5es do domingo, 13 de dezembro. Essa data coincide com a abertura do jubileu em nossas catedrais e demais igrejas escolhidas como meta de peregrina\u00e7\u00f5es para este ano. <br \/> A distribui\u00e7\u00e3o dos recursos arrecadados \u00e9 feita da seguinte forma: 45% permanecem na pr\u00f3pria diocese; 20% s\u00e3o encaminhados para o respectivo regional da CNBB; e os demais 35% para a CNBB Nacional. Tudo isso aplicado na miss\u00e3o e projetos de evangeliza\u00e7\u00e3o.<br \/> Pe\u00e7o a nossa Arquidiocese de S\u00e3o Sebasti\u00e3o do Rio de Janeiro que se empenhe nesta Campanha de Evangeliza\u00e7\u00e3o sendo solid\u00e1rios, e que deixemos o esp\u00edrito natalino (mist\u00e9rio da Encarna\u00e7\u00e3o) envolver o nosso cora\u00e7\u00e3o com generosa colabora\u00e7\u00e3o. <br \/> Que a urg\u00eancia da evangeliza\u00e7\u00e3o nos entusiasme a proclamar a miseric\u00f3rdia de Deus aos irm\u00e3os e irm\u00e3s.<\/p>\n","protected":false},"excerpt":{"rendered":"<p>A partir do Domingo de Cristo Rei, iniciamos na Igreja do Brasil a Campanha para a Evangeliza\u00e7\u00e3o. Evangelizar (&#8220;dar a boa not\u00edcia&#8221;) \u00e9 a grande tarefa da Igreja; \u00e9 para isso que ela foi fundada, enviada e sustentada pela for\u00e7a do Esp\u00edrito Santo. Vivemos para evangelizar. Esta boa not\u00edcia n\u00e3o \u00e9 outra coisa a n\u00e3o [&hellip;]<\/p>\n","protected":false},"author":5,"featured_media":0,"comment_status":"open","ping_status":"open","sticky":false,"template":"","format":"standard","meta":{"footnotes":""},"categories":[9],"tags":[],"class_list":["post-12431","post","type-post","status-publish","format-standard","hentry","category-artigos"],"_links":{"self":[{"href":"https:\/\/catolicanet.net\/wp-cnet\/wp-json\/wp\/v2\/posts\/12431","targetHints":{"allow":["GET"]}}],"collection":[{"href":"https:\/\/catolicanet.net\/wp-cnet\/wp-json\/wp\/v2\/posts"}],"about":[{"href":"https:\/\/catolicanet.net\/wp-cnet\/wp-json\/wp\/v2\/types\/post"}],"author":[{"embeddable":true,"href":"https:\/\/catolicanet.net\/wp-cnet\/wp-json\/wp\/v2\/users\/5"}],"replies":[{"embeddable":true,"href":"https:\/\/catolicanet.net\/wp-cnet\/wp-json\/wp\/v2\/comments?post=12431"}],"version-history":[{"count":1,"href":"https:\/\/catolicanet.net\/wp-cnet\/wp-json\/wp\/v2\/posts\/12431\/revisions"}],"predecessor-version":[{"id":21832,"href":"https:\/\/catolicanet.net\/wp-cnet\/wp-json\/wp\/v2\/posts\/12431\/revisions\/21832"}],"wp:attachment":[{"href":"https:\/\/catolicanet.net\/wp-cnet\/wp-json\/wp\/v2\/media?parent=12431"}],"wp:term":[{"taxonomy":"category","embeddable":true,"href":"https:\/\/catolicanet.net\/wp-cnet\/wp-json\/wp\/v2\/categories?post=12431"},{"taxonomy":"post_tag","embeddable":true,"href":"https:\/\/catolicanet.net\/wp-cnet\/wp-json\/wp\/v2\/tags?post=12431"}],"curies":[{"name":"wp","href":"https:\/\/api.w.org\/{rel}","templated":true}]}}