{"id":12428,"date":"2015-11-26T11:07:23","date_gmt":"2015-11-26T13:07:23","guid":{"rendered":"http:\/\/catolicanet.net\/wp-cnet\/2015\/11\/26\/dia-de-acao-de-gracas\/"},"modified":"2017-05-09T11:12:49","modified_gmt":"2017-05-09T14:12:49","slug":"dia-de-acao-de-gracas","status":"publish","type":"post","link":"https:\/\/catolicanet.net\/wp-cnet\/dia-de-acao-de-gracas\/","title":{"rendered":"Dia de A\u00e7\u00e3o de Gra\u00e7as"},"content":{"rendered":"<p style=\"text-align: justify;\">O Dia de A\u00e7\u00e3o de Gra\u00e7as (conhecido em ingl\u00eas como Thanksgiving Day) \u00e9 uma tradi\u00e7\u00e3o celebrada nos pa\u00edses da Am\u00e9rica do Norte. Este \u00e9 um dos feriados mais importantes dos Estados Unidos e Canad\u00e1, juntamente com o Natal e a Passagem de Ano.<br \/> Como o pr\u00f3prio nome diz, o Dia de A\u00e7\u00e3o de Gra\u00e7as \u00e9 um dia em que as pessoas se juntam para demonstrarem a sua gratid\u00e3o a Deus pelas b\u00ean\u00e7\u00e3os recebidas durante o ano, expressando tamb\u00e9m carinho pelos seus amigos e familiares.<br \/> Tradicionalmente, nesses pa\u00edses o Dia de A\u00e7\u00e3o de Gra\u00e7as \u00e9 um feriado familiar, quando \u00e9 normal realizar longas viagens para que os parentes estejam reunidos. Outra grande tradi\u00e7\u00e3o deste feriado \u00e9 a comida. As fam\u00edlias celebram este dia com muita fartura gastron\u00f4mica, onde tipicamente se come peru (por isso tamb\u00e9m \u00e9 conhecido como Turkey Day &#8211; Dia do Peru), batata-doce, pur\u00ea de batata, torta de ab\u00f3bora, torta de ma\u00e7\u00e3, torta de nozes, entre muitas outras coisas.<br \/> O primeiro Dia de A\u00e7\u00e3o de Gra\u00e7as foi celebrado nos Estados Unidos em 1620 em Plymouth, Massachusetts, pelos peregrinos fundadores da vila. Depois das colheitas terem sido gravemente prejudicadas pelo Inverno rigoroso, os colonos tiveram uma boa colheita de milho no Ver\u00e3o seguinte, em 1621. Para marcar e celebrar a ocasi\u00e3o depois de sucessivos anos complicados no que diz respeito \u00e0 agricultura, o governador da vila resolveu organizar uma festa no Outono de 1621. Nessa festa participaram cerca de 90 \u00edndios e foram comidos patos, perus, peixes e milho. A partir desse ano, na Nova Inglaterra, em cada Outono era organizada uma festa de gratid\u00e3o a Deus por causa das boas colheitas.<br \/> \u00c9 interessante que as na\u00e7\u00f5es institu\u00edram um dia para agradecer a Deus pela colheita, pelo ano que finda. Esse dia n\u00e3o \u00e9 uma iniciativa das religi\u00f5es e sim dos governos. Mas, sem d\u00favida, tem muito a ver com a a\u00e7\u00e3o de gra\u00e7as que fazemos a Deus, a quem reconhecemos como doador de dons para n\u00f3s. Mesmo n\u00e3o fazendo parte do calend\u00e1rio religioso e sim civil, esse dia \u00e9 uma oportunidade para rezarmos e levarmos o nosso cora\u00e7\u00e3o para estar mais pr\u00f3ximo de Deus e, consequentemente, tamb\u00e9m de nossos irm\u00e3os e irm\u00e3s. O Dia de A\u00e7\u00e3o de Gra\u00e7as se destaca porque \u00e9 institu\u00eddo pelos pa\u00edses que querem ter um dia de agradecimento, de forma que todas as pessoas podem celebr\u00e1-lo da maneira como quiserem.<br \/> No ano de 1909, Joaquim Nabuco, embaixador do Brasil nos EUA, assistiu ao Dia de A\u00e7\u00e3o de Gra\u00e7as e, impressionado, declarou: &#8220;quisera que toda a humanidade se unisse neste mesmo dia para um Universal agradecimento a Deus&#8221;. O presidente Eurico Gaspar Dutra instituiu o Dia Nacional de A\u00e7\u00e3o de Gra\u00e7as em 17\/08\/1949, por meio de Lei Federal 781\/1949. O presidente Marechal Castelo Branco o regulamentou no ano de 1965, oficializando \u201ca quarta quinta-feira do m\u00eas de novembro para a comemora\u00e7\u00e3o em todo o Territ\u00f3rio Nacional&#8221;. <br \/> Sabemos que ao longo deste ano temos tanta coisa para pedir, mas queremos tamb\u00e9m agradecer a Deus, sobretudo pelo dom da nossa vida. Este ano acompanhamos in\u00fameras cat\u00e1strofes que marcaram o mundo. Cat\u00e1strofes ocorridas por neglig\u00eancia do homem (as barragens rompidas nas Minas Gerais), atentados terroristas, como assistimos aterrorizados na Fran\u00e7a, e em tantos outros pa\u00edses da \u00c1frica, \u00c1sia, Oriente M\u00e9dio e Europa. O que est\u00e1 imperando no cora\u00e7\u00e3o da maioria \u00e9 a vontade do poder e de querer ser mais do que os outros. Diante disso, convido a todos a viver a dimens\u00e3o do amor e da miseric\u00f3rdia.<br \/> Em se tratando da miseric\u00f3rdia, o Santo Padre, o Papa Francisco, institui o Ano da Miseric\u00f3rdia que deve marcar a nossa reflex\u00e3o ao longo deste final de ano at\u00e9 o ano que vem. S\u00f3 tem miseric\u00f3rdia quem ama. Ali\u00e1s, ele abre a porta do jubileu na Catedral de Bengui, na Rep\u00fablica Centro Africana, neste domingo, dia 29 de novembro. O mundo precisa de amor! O amor que Cristo tanto pregou \u00e0 humanidade e Ele que, sobretudo, soube t\u00e3o bem vivenciar. \u201cQueridos, eis que vos convido no Dia de A\u00e7\u00e3o de Gra\u00e7as a render a Deus os nossos louvores e os nossos agradecimentos por tudo. Das coisas ruins, devemos ter esperan\u00e7a que h\u00e1 de ser melhorar\u201d.<br \/> Por isso, nesta quinta-feira, dia 26 de novembro, \u00e0s 15h, no Santu\u00e1rio Arquidiocesano de Santana, no Centro do Rio, presidirei o Te Deum, agradecendo os muitos benef\u00edcios do Ano da Esperan\u00e7a. Al\u00e9m de agradecer, queremos tamb\u00e9m elevar a Deus, Rei do Universo, nossa prece clamando por paz e por conc\u00f3rdia em nossa amada cidade de S\u00e3o Sebasti\u00e3o do Rio de Janeiro. O povo carioca tem a voca\u00e7\u00e3o de ser solid\u00e1rio nas dificuldades. Sejamos, pois, promotores da paz e vamos agradecer pelo dom da nossa vida e por tudo que Deus nos tem dado, pois Ele habita em nossa cidade.<br \/> Deus habita na cidade do Rio de Janeiro, por isso vamos agradecer a prote\u00e7\u00e3o Divina em nossas vidas!<\/p>\n","protected":false},"excerpt":{"rendered":"<p>O Dia de A\u00e7\u00e3o de Gra\u00e7as (conhecido em ingl\u00eas como Thanksgiving Day) \u00e9 uma tradi\u00e7\u00e3o celebrada nos pa\u00edses da Am\u00e9rica do Norte. Este \u00e9 um dos feriados mais importantes dos Estados Unidos e Canad\u00e1, juntamente com o Natal e a Passagem de Ano. Como o pr\u00f3prio nome diz, o Dia de A\u00e7\u00e3o de Gra\u00e7as \u00e9 [&hellip;]<\/p>\n","protected":false},"author":5,"featured_media":0,"comment_status":"open","ping_status":"open","sticky":false,"template":"","format":"standard","meta":{"footnotes":""},"categories":[9],"tags":[],"class_list":["post-12428","post","type-post","status-publish","format-standard","hentry","category-artigos"],"_links":{"self":[{"href":"https:\/\/catolicanet.net\/wp-cnet\/wp-json\/wp\/v2\/posts\/12428","targetHints":{"allow":["GET"]}}],"collection":[{"href":"https:\/\/catolicanet.net\/wp-cnet\/wp-json\/wp\/v2\/posts"}],"about":[{"href":"https:\/\/catolicanet.net\/wp-cnet\/wp-json\/wp\/v2\/types\/post"}],"author":[{"embeddable":true,"href":"https:\/\/catolicanet.net\/wp-cnet\/wp-json\/wp\/v2\/users\/5"}],"replies":[{"embeddable":true,"href":"https:\/\/catolicanet.net\/wp-cnet\/wp-json\/wp\/v2\/comments?post=12428"}],"version-history":[{"count":1,"href":"https:\/\/catolicanet.net\/wp-cnet\/wp-json\/wp\/v2\/posts\/12428\/revisions"}],"predecessor-version":[{"id":21838,"href":"https:\/\/catolicanet.net\/wp-cnet\/wp-json\/wp\/v2\/posts\/12428\/revisions\/21838"}],"wp:attachment":[{"href":"https:\/\/catolicanet.net\/wp-cnet\/wp-json\/wp\/v2\/media?parent=12428"}],"wp:term":[{"taxonomy":"category","embeddable":true,"href":"https:\/\/catolicanet.net\/wp-cnet\/wp-json\/wp\/v2\/categories?post=12428"},{"taxonomy":"post_tag","embeddable":true,"href":"https:\/\/catolicanet.net\/wp-cnet\/wp-json\/wp\/v2\/tags?post=12428"}],"curies":[{"name":"wp","href":"https:\/\/api.w.org\/{rel}","templated":true}]}}