{"id":12411,"date":"2015-11-25T11:44:26","date_gmt":"2015-11-25T13:44:26","guid":{"rendered":"http:\/\/catolicanet.net\/wp-cnet\/2015\/11\/25\/papa-francisco-nomeia-bispos-para-paranagua-pr-e-campanha-mg\/"},"modified":"2017-05-26T16:26:13","modified_gmt":"2017-05-26T19:26:13","slug":"papa-francisco-nomeia-bispos-para-paranagua-pr-e-campanha-mg","status":"publish","type":"post","link":"https:\/\/catolicanet.net\/wp-cnet\/papa-francisco-nomeia-bispos-para-paranagua-pr-e-campanha-mg\/","title":{"rendered":"Papa Francisco nomeia bispos para Paranagu\u00e1 (PR) e Campanha (MG)"},"content":{"rendered":"<p style=\"text-align: justify;\"><img decoding=\"async\" src=\"http:\/\/catolicanet.com.br\/images\/stories\/novosbispos.jpg\" border=\"0\" align=\"left\" \/>As nomea\u00e7\u00f5es foram comunicadas na manh\u00e3 desta quarta-feira, 25, pela Nunciatura Apost\u00f3lica no Brasil<\/p>\n<p>O papa Francisco aceitou, hoje, dia 25 de novembro, o pedido de ren\u00fancia do bispo de Campanha (MG), dom Diamantino Prata de Carvalho, de acordo com o c\u00e2non 401, par\u00e1grafo primeiro do C\u00f3digo de Direito Can\u00f4nico. No mesmo ato, Francisco nomeou o bispo dom Pedro Cunha Cruz (\u00e0 direita da foto), que at\u00e9 o momento era coadjutor de Campanha, como titular desta Igreja particular.<\/p>\n<p>Para a diocese de Paranagu\u00e1 (PR), que estava vacante, o papa Francisco nomeou dom Edmar Peron (\u00e0 esquerda da foto), transferindo-o da sede titular de \u201cMattiana\u201d e do of\u00edcio de bispo auxiliar da arquidiocese de S\u00e3o Paulo (SP). <\/p>\n<p>A Santa S\u00e9 comunicou, tamb\u00e9m, o acolhimento da ren\u00fancia do bispo da diocese de Nazar\u00e9 da Mata (PE), dom Severino Batista de Fran\u00e7a. <\/p>\n<p>Sobre os bispos<\/p>\n<p>Dom Pedro Cunha Cruz nasceu em 16 de junho de 1964, no Rio de Janeiro (RJ). Foi ordenado presb\u00edtero no dia 4 de agosto de 1990. Recebeu a ordena\u00e7\u00e3o episcopal aos 5 de fevereiro de 2011. Tem como lema: \u201cServo de Jesus Cristo (Rm 1,1)\u201d.\u00a0 Atuou como bispo auxiliar na arquidiocese do Rio de Janeiro e delegado do regional Leste 1 no Conselho Permanente da CNBB. Foi presidente do Centro de Estat\u00edstica Religiosa e Investiga\u00e7\u00f5es Sociais (Ceris); bispo referencial das Pastorais Sociais do regional Leste 1 e bispo respons\u00e1vel pela Pastoral Carcer\u00e1ria tamb\u00e9m no Leste 1.\u00a0 Em 20 de maio deste ano, foi nomeado coadjutor da diocese de Campanha (MG).<\/p>\n<p>Dom Edmar Peron nasceu no dia 4 de mar\u00e7o de 1965. \u00c9 natural de Maring\u00e1 (PR). Foi nomeado bispo auxiliar de S\u00e3o Paulo em 30 de dezembro de 2009. Tem como lema episcopal \u201cEis que venho para fazer a tua vontade\u201d. \u00c9 mestre em Teologia Dogm\u00e1tica, com especializa\u00e7\u00e3o em Teologia dos Sacramentos.\u00a0 Desde 2011 \u00e9 membro da Comiss\u00e3o Episcopal Pastoral para a Liturgia da CNBB. <\/p>\n<p>Fonte: CNBB<\/p>\n","protected":false},"excerpt":{"rendered":"<p>As nomea\u00e7\u00f5es foram comunicadas na manh\u00e3 desta quarta-feira, 25, pela Nunciatura Apost\u00f3lica no Brasil O papa Francisco aceitou, hoje, dia 25 de novembro, o pedido de ren\u00fancia do bispo de Campanha (MG), dom Diamantino Prata de Carvalho, de acordo com o c\u00e2non 401, par\u00e1grafo primeiro do C\u00f3digo de Direito Can\u00f4nico. No mesmo ato, Francisco nomeou [&hellip;]<\/p>\n","protected":false},"author":1,"featured_media":0,"comment_status":"open","ping_status":"open","sticky":false,"template":"","format":"standard","meta":{"footnotes":""},"categories":[7],"tags":[],"class_list":["post-12411","post","type-post","status-publish","format-standard","hentry","category-cnbb"],"_links":{"self":[{"href":"https:\/\/catolicanet.net\/wp-cnet\/wp-json\/wp\/v2\/posts\/12411","targetHints":{"allow":["GET"]}}],"collection":[{"href":"https:\/\/catolicanet.net\/wp-cnet\/wp-json\/wp\/v2\/posts"}],"about":[{"href":"https:\/\/catolicanet.net\/wp-cnet\/wp-json\/wp\/v2\/types\/post"}],"author":[{"embeddable":true,"href":"https:\/\/catolicanet.net\/wp-cnet\/wp-json\/wp\/v2\/users\/1"}],"replies":[{"embeddable":true,"href":"https:\/\/catolicanet.net\/wp-cnet\/wp-json\/wp\/v2\/comments?post=12411"}],"version-history":[{"count":1,"href":"https:\/\/catolicanet.net\/wp-cnet\/wp-json\/wp\/v2\/posts\/12411\/revisions"}],"predecessor-version":[{"id":23995,"href":"https:\/\/catolicanet.net\/wp-cnet\/wp-json\/wp\/v2\/posts\/12411\/revisions\/23995"}],"wp:attachment":[{"href":"https:\/\/catolicanet.net\/wp-cnet\/wp-json\/wp\/v2\/media?parent=12411"}],"wp:term":[{"taxonomy":"category","embeddable":true,"href":"https:\/\/catolicanet.net\/wp-cnet\/wp-json\/wp\/v2\/categories?post=12411"},{"taxonomy":"post_tag","embeddable":true,"href":"https:\/\/catolicanet.net\/wp-cnet\/wp-json\/wp\/v2\/tags?post=12411"}],"curies":[{"name":"wp","href":"https:\/\/api.w.org\/{rel}","templated":true}]}}