{"id":12395,"date":"2015-11-23T18:31:59","date_gmt":"2015-11-23T20:31:59","guid":{"rendered":"http:\/\/catolicanet.net\/wp-cnet\/2015\/11\/23\/meu-reino-nao-e-deste-mundo\/"},"modified":"2017-05-09T11:35:41","modified_gmt":"2017-05-09T14:35:41","slug":"meu-reino-nao-e-deste-mundo","status":"publish","type":"post","link":"https:\/\/catolicanet.net\/wp-cnet\/meu-reino-nao-e-deste-mundo\/","title":{"rendered":"Meu reino n\u00e3o \u00e9 deste mundo"},"content":{"rendered":"<p style=\"text-align: justify;\">No \u00faltimo domingo do Ano Lit\u00fargico, n\u00f3s, cat\u00f3licos, celebramos a solenidade de Cristo Rei do Universo. \u00c9 uma forma de dizer que, em Cristo, esse mundo chega a sua plenitude. Esse mundo e nossa vida, certamente. O filho do homem da primeira leitura, tomada do profeta Daniel identifica-se com o Jesus ressuscitado, que venceu a morte e a quem se deu autoridade sobre todo o universo. Seu reino n\u00e3o ter\u00e1 fim.<br \/>A leitura do Apocalipse nos oferece uma mensagem parecida. Jesus Cristo nos libertou de nossos pecados por meio do seu sangue e nos converteu em um reino, fazendo de n\u00f3s sacerdotes de Deus, seu Pai. N\u00f3s o vemos chegando em gl\u00f3ria. \u00c9 o princ\u00edpio e o fim, o Todo-Poderoso. Todas as afirma\u00e7\u00f5es fazem parte de nossa f\u00e9. Cremos em Jesus, acreditamos que venceu a morte e entrou na vida nova, que lhe ofereceu seu Pai. Com Ele, tamb\u00e9m n\u00f3s venceremos a morte e com Ele entraremos na nova vida que o Pai nos oferece. Esse reino cujo centro \u00e9 Jesus \u00e9 o reino de todos, l\u00e1 onde n\u00e3o haver\u00e1 mais l\u00e1grimas, nem pranto, onde nem a morte, nem a dor ter\u00e3o nenhuma for\u00e7a. <br \/>Mas esse reino n\u00e3o \u00e9 deste mundo. Esse \u00e9 a mensagem que nos o Evangelho de Jo\u00e3o. Encontramos Jesus no momento crucial de sua vida. N\u00e3o est\u00e1 pregando tranquilamente aos seus disc\u00edpulos pelos caminhos da Galileia. Tampouco est\u00e1 cercado por uma multid\u00e3o que o ouve feliz. Jesus est\u00e1 sendo julgado por Pilatos, representante do imp\u00e9rio romano, ap\u00f3s ter sido detido. Sabe que seu fim mais prov\u00e1vel \u00e9 ser torturado e condenado. Parte do julgamento \u00e9 o interrogat\u00f3rio do acusado. Pilatos n\u00e3o est\u00e1 preocupado com os reinos celestiais. Preocupa-se com os que desejam ser reis neste mundo e, dessa forma, representam uma amea\u00e7a para a autoridade romana. Por isso, pergunta-lhe se acredita ser o rei dos judeus. Trata-se de apenas mais das perguntas do interrogat\u00f3rio. Mas Jesus responde a Pilatos de uma maneira que este n\u00e3o consegue compreender: \u201cMeu reino n\u00e3o \u00e9 deste mundo.\u201d<br \/>Jesus afirma que \u00e9 rei, mas de uma maneira diferente. Seu reino n\u00e3o leva \u00e0 domina\u00e7\u00e3o e \u00e0 opress\u00e3o de s\u00faditos. O reino de Jesus \u00e9 o reino da verdade. L\u00e1 onde todos n\u00f3s encontramos com nossa verdade mais \u00edntima: que somos filhos de Deus-Pai que quer nosso bem e que os demais s\u00e3o nossos irm\u00e3os e irm\u00e3s. Essa verdade nos ser\u00e1 revelada algum dia, o dia em que seremos capazes de reconhecer em nossos cora\u00e7\u00f5es essa profunda verdade. Nesse dia, faremos parte do reino de Jesus. E Ele, testemunha da verdade, reinar\u00e1 em nossos cora\u00e7\u00f5es, que \u00e9 o verdadeiro lugar onde quer reinar. No dia em que todos n\u00f3s o reconhecermos, cumprir-se-\u00e3o definitivamente, as profecias das leituras deste domingo.<\/p>\n","protected":false},"excerpt":{"rendered":"<p>No \u00faltimo domingo do Ano Lit\u00fargico, n\u00f3s, cat\u00f3licos, celebramos a solenidade de Cristo Rei do Universo. \u00c9 uma forma de dizer que, em Cristo, esse mundo chega a sua plenitude. Esse mundo e nossa vida, certamente. O filho do homem da primeira leitura, tomada do profeta Daniel identifica-se com o Jesus ressuscitado, que venceu a [&hellip;]<\/p>\n","protected":false},"author":10,"featured_media":0,"comment_status":"open","ping_status":"open","sticky":false,"template":"","format":"standard","meta":{"footnotes":""},"categories":[9],"tags":[],"class_list":["post-12395","post","type-post","status-publish","format-standard","hentry","category-artigos"],"_links":{"self":[{"href":"https:\/\/catolicanet.net\/wp-cnet\/wp-json\/wp\/v2\/posts\/12395","targetHints":{"allow":["GET"]}}],"collection":[{"href":"https:\/\/catolicanet.net\/wp-cnet\/wp-json\/wp\/v2\/posts"}],"about":[{"href":"https:\/\/catolicanet.net\/wp-cnet\/wp-json\/wp\/v2\/types\/post"}],"author":[{"embeddable":true,"href":"https:\/\/catolicanet.net\/wp-cnet\/wp-json\/wp\/v2\/users\/10"}],"replies":[{"embeddable":true,"href":"https:\/\/catolicanet.net\/wp-cnet\/wp-json\/wp\/v2\/comments?post=12395"}],"version-history":[{"count":1,"href":"https:\/\/catolicanet.net\/wp-cnet\/wp-json\/wp\/v2\/posts\/12395\/revisions"}],"predecessor-version":[{"id":21844,"href":"https:\/\/catolicanet.net\/wp-cnet\/wp-json\/wp\/v2\/posts\/12395\/revisions\/21844"}],"wp:attachment":[{"href":"https:\/\/catolicanet.net\/wp-cnet\/wp-json\/wp\/v2\/media?parent=12395"}],"wp:term":[{"taxonomy":"category","embeddable":true,"href":"https:\/\/catolicanet.net\/wp-cnet\/wp-json\/wp\/v2\/categories?post=12395"},{"taxonomy":"post_tag","embeddable":true,"href":"https:\/\/catolicanet.net\/wp-cnet\/wp-json\/wp\/v2\/tags?post=12395"}],"curies":[{"name":"wp","href":"https:\/\/api.w.org\/{rel}","templated":true}]}}