{"id":12394,"date":"2015-11-23T14:26:19","date_gmt":"2015-11-23T16:26:19","guid":{"rendered":"http:\/\/catolicanet.net\/wp-cnet\/2015\/11\/23\/imas-franceses-pedem-expulsao-dos-muculmanos-radicais-da-europa\/"},"modified":"2017-05-31T15:33:46","modified_gmt":"2017-05-31T18:33:46","slug":"imas-franceses-pedem-expulsao-dos-muculmanos-radicais-da-europa","status":"publish","type":"post","link":"https:\/\/catolicanet.net\/wp-cnet\/imas-franceses-pedem-expulsao-dos-muculmanos-radicais-da-europa\/","title":{"rendered":"Im\u00e3s franceses pedem expuls\u00e3o dos mu\u00e7ulmanos radicais da Europa"},"content":{"rendered":"<p style=\"text-align: justify;\"><img decoding=\"async\" src=\"http:\/\/catolicanet.com.br\/images\/stories\/wmusulmanes_pixabaydominio.jpg\" border=\"0\" align=\"left\" \/>O Conselho dos Im\u00e3s da Fran\u00e7a pediu expuls\u00e3o dos radicais isl\u00e2micos da Europa, por meio de um texto &#8220;solene&#8221; lido na ora\u00e7\u00e3o de sexta-feira, 20, nas 2500 mesquitas que h\u00e1 nesse pa\u00eds europeu onde o Estado Isl\u00e2mico perpetrou v\u00e1rios atentados em 13 de novembro, que deixaram mais de 120 mortos e centenas de feridos.<\/p>\n<p>\u00c9 a primeira vez que uma institui\u00e7\u00e3o isl\u00e2mica faz uma declara\u00e7\u00e3o deste tipo e, al\u00e9m disso, denunciam que os crist\u00e3os vivem nos pa\u00edses mu\u00e7ulmanos \u201ccom dificuldades\u201d, enquanto eles na Fran\u00e7a e Europa o fazem \u201ccom total liberdade e dignidade\u201d.<\/p>\n<p>A declara\u00e7\u00e3o assinalou que, \u201csegundo a ideologia destes islamistas ignorantes, o isl\u00e3 da toler\u00e2ncia, do humanismo e da abertura e do di\u00e1logo inter-religioso se transformou em uma trai\u00e7\u00e3o e uma colabora\u00e7\u00e3o com o Ocidente\u201d.<\/p>\n<p>Isto, alertam, fez com que \u201cos im\u00e3s tolerantes sejam amea\u00e7ados dentro de suas pr\u00f3prias mesquitas por estes extremistas que escolheram o \u00f3dio contra qualquer um que seja diferente, inclusive se esses diferentes forem mu\u00e7ulmanos\u201d.<\/p>\n<p>\u201cOs respons\u00e1veis pelo isl\u00e3 na Fran\u00e7a n\u00e3o est\u00e3o \u00e0 altura dos verdadeiros valores do Isl\u00e3, nem dos verdadeiros valores da rep\u00fablica. Eles converteram nosso isl\u00e3 universal em uma religi\u00e3o sect\u00e1ria e odiosa, a qual n\u00e3o aceita a abertura e a adapta\u00e7\u00e3o aos valores europeus\u201d, prosseguem.<\/p>\n<p>Por isso, o Conselho de Im\u00e3s afirma que \u201cestes im\u00e3s incompetentes como respons\u00e1veis fracassados devem deixar seus cargos a outros que sejam mais competentes e mais abertos, pois n\u00e3o foram capazes de tranquilizar os mu\u00e7ulmanos nem os franceses\u201d.<\/p>\n<p>Em seguida, assinala que \u201cos terroristas t\u00eam pais, t\u00eam fam\u00edlias. Que coisas lhes ensinaram? Foram superados pela Internet e pelas redes sociais?\u201d. O texto indica que \u201ca condena\u00e7\u00e3o aos atentados j\u00e1 n\u00e3o \u00e9 suficiente, pois n\u00e3o podemos continuar fazendo como o avestruz. N\u00e3o podemos esconder nossas cabe\u00e7as embaixo da areia repetindo esta frase mal\u00e9vola: \u2018N\u00e3o somos n\u00f3s, s\u00e3o eles!\u201d<\/p>\n<p>\u201cCada im\u00e3, cada respons\u00e1vel religioso e cada mu\u00e7ulmano deve assumir sua parte de responsabilidade, porque estes atentados criminosos foram cometidos em nome da nossa religi\u00e3o\u201d, prosseguem.<\/p>\n<p>Em seguida, o Conselho dos Im\u00e3s da Fran\u00e7a reconheceu atrav\u00e9s de declara\u00e7\u00e3o feita na \u00faltima sexta-feira nas mesquitas do pa\u00eds que \u201cos crist\u00e3os, os judeus e os ateus vivem com dificuldades no mundo mu\u00e7ulmano. Construir uma igreja ou uma sinagoga \u00e9 um sonho imposs\u00edvel de ser realizado nestes pa\u00edses, chegando inclusive at\u00e9 a interven\u00e7\u00e3o do presidente da rep\u00fablica!\u201d.<\/p>\n<p>Ao contr\u00e1rio dos crist\u00e3os e judeus, continuam, \u201cos mu\u00e7ulmanos na Fran\u00e7a e na Europa vivem com plena liberdade e dignidade. Constroem mesquitas, centros isl\u00e2micos e escolas religiosas sem nenhuma sabotagem nem exclus\u00e3o\u201d.<\/p>\n<p>A declara\u00e7\u00e3o exortou ainda a educar os jovens \u201ca fim de combater as ideias de \u00f3dio dentro da nossa religi\u00e3o\u201d para que n\u00e3o se convertam em \u201cbombas terroristas que querem destruir os valores dos pa\u00edses ocidentais, mas na verdade destroem as imagens do isl\u00e3 e o futuro do isl\u00e3 na Fran\u00e7a e em toda Europa\u201d.<\/p>\n<p>Estes pa\u00edses, recordou o texto, \u201cnos oferecem ainda benef\u00edcios e vantagens que n\u00e3o encontramos em nossos pa\u00edses de origem, apesar de todas as dificuldades que normalmente existem nos bairros e nas periferias\u201d.<\/p>\n<p>No final da declara\u00e7\u00e3o, o Conselho de Im\u00e3s destacou que \u201co futuro de sua religi\u00e3o e o destino de seus filhos est\u00e1 em jogo, portanto, n\u00f3s (mu\u00e7ulmanos) devemos decidir atuar ou n\u00e3o\u201d.<\/p>\n<p style=\"text-align: justify;\">Fonte: Acidigital<\/p>\n","protected":false},"excerpt":{"rendered":"<p>O Conselho dos Im\u00e3s da Fran\u00e7a pediu expuls\u00e3o dos radicais isl\u00e2micos da Europa, por meio de um texto &#8220;solene&#8221; lido na ora\u00e7\u00e3o de sexta-feira, 20, nas 2500 mesquitas que h\u00e1 nesse pa\u00eds europeu onde o Estado Isl\u00e2mico perpetrou v\u00e1rios atentados em 13 de novembro, que deixaram mais de 120 mortos e centenas de feridos. \u00c9 [&hellip;]<\/p>\n","protected":false},"author":1,"featured_media":0,"comment_status":"open","ping_status":"open","sticky":false,"template":"","format":"standard","meta":{"footnotes":""},"categories":[4],"tags":[],"class_list":["post-12394","post","type-post","status-publish","format-standard","hentry","category-cotidiano"],"_links":{"self":[{"href":"https:\/\/catolicanet.net\/wp-cnet\/wp-json\/wp\/v2\/posts\/12394","targetHints":{"allow":["GET"]}}],"collection":[{"href":"https:\/\/catolicanet.net\/wp-cnet\/wp-json\/wp\/v2\/posts"}],"about":[{"href":"https:\/\/catolicanet.net\/wp-cnet\/wp-json\/wp\/v2\/types\/post"}],"author":[{"embeddable":true,"href":"https:\/\/catolicanet.net\/wp-cnet\/wp-json\/wp\/v2\/users\/1"}],"replies":[{"embeddable":true,"href":"https:\/\/catolicanet.net\/wp-cnet\/wp-json\/wp\/v2\/comments?post=12394"}],"version-history":[{"count":1,"href":"https:\/\/catolicanet.net\/wp-cnet\/wp-json\/wp\/v2\/posts\/12394\/revisions"}],"predecessor-version":[{"id":26922,"href":"https:\/\/catolicanet.net\/wp-cnet\/wp-json\/wp\/v2\/posts\/12394\/revisions\/26922"}],"wp:attachment":[{"href":"https:\/\/catolicanet.net\/wp-cnet\/wp-json\/wp\/v2\/media?parent=12394"}],"wp:term":[{"taxonomy":"category","embeddable":true,"href":"https:\/\/catolicanet.net\/wp-cnet\/wp-json\/wp\/v2\/categories?post=12394"},{"taxonomy":"post_tag","embeddable":true,"href":"https:\/\/catolicanet.net\/wp-cnet\/wp-json\/wp\/v2\/tags?post=12394"}],"curies":[{"name":"wp","href":"https:\/\/api.w.org\/{rel}","templated":true}]}}