{"id":12391,"date":"2015-11-23T14:03:30","date_gmt":"2015-11-23T16:03:30","guid":{"rendered":"http:\/\/catolicanet.net\/wp-cnet\/2015\/11\/23\/infancia-missionaria-arrecada-dinheiro-para-projetos-que-protegem-a-vida\/"},"modified":"2017-05-30T13:36:44","modified_gmt":"2017-05-30T16:36:44","slug":"infancia-missionaria-arrecada-dinheiro-para-projetos-que-protegem-a-vida","status":"publish","type":"post","link":"https:\/\/catolicanet.net\/wp-cnet\/infancia-missionaria-arrecada-dinheiro-para-projetos-que-protegem-a-vida\/","title":{"rendered":"Inf\u00e2ncia Mission\u00e1ria arrecada dinheiro para projetos que \u201cprotegem a vida\u201d"},"content":{"rendered":"<p style=\"text-align: justify;\"><img decoding=\"async\" src=\"http:\/\/catolicanet.com.br\/images\/stories\/cofrinho_missionario 1.jpg\" border=\"0\" align=\"left\" \/>Ser\u00e1 aberto no final de novembro o cofrinho da Inf\u00e2ncia Mission\u00e1ria do Col\u00e9gio Marista Diocesano, de Uberaba (MG). O cofre foi confeccionado pelos pr\u00f3prios alunos que participam do projeto e tem como objetivo arrecadar donativos para ajudar as crian\u00e7as de todo o mundo.<\/p>\n<p>Segundo a agente de Pastoral, Mar\u00edlia Franco, o dinheiro arrecadado nos cofrinhos da Inf\u00e2ncia Mission\u00e1ria s\u00e3o para projetos que \u201cprotegem a vida\u201d, tais como centros para crian\u00e7as \u00f3rf\u00e3s, casas de acolhida para crian\u00e7as de rua ou assist\u00eancia de sa\u00fade aos rec\u00e9m-nascidos e escolas infantis.<\/p>\n<p>\u201c\u00c9 importante ressaltar que o dinheiro arrecadado no Cofrinho Mission\u00e1rio \u00e9 destinado, exclusivamente, para as crian\u00e7as do mundo atendidas pelos projetos da Pontif\u00edcia Obra da Inf\u00e2ncia e Adolesc\u00eancia Mission\u00e1ria\u201d, destaca Mar\u00edlia.<\/p>\n<p>O cofrinho existe desde abril, quando come\u00e7aram os encontros da Inf\u00e2ncia Mission\u00e1ria. A Inf\u00e2ncia Mission\u00e1ria \u00e9 um projeto da Igreja Cat\u00f3lica que o Marista abra\u00e7ou em 2011.<\/p>\n<p>Os encontros da Inf\u00e2ncia Mission\u00e1ria no Marista Diocesano acontecem toda sexta-feira, de 9h \u00e0s 10h, com crian\u00e7as de 7 e 8 anos.<\/p>\n<p>Para saber mais informa\u00e7\u00f5es sobre o Cofrinho Mission\u00e1rio, clique aqui.<\/p>\n<p>Fonte: Garotada Mission\u00e1ria<\/p>\n","protected":false},"excerpt":{"rendered":"<p>Ser\u00e1 aberto no final de novembro o cofrinho da Inf\u00e2ncia Mission\u00e1ria do Col\u00e9gio Marista Diocesano, de Uberaba (MG). O cofre foi confeccionado pelos pr\u00f3prios alunos que participam do projeto e tem como objetivo arrecadar donativos para ajudar as crian\u00e7as de todo o mundo. Segundo a agente de Pastoral, Mar\u00edlia Franco, o dinheiro arrecadado nos cofrinhos [&hellip;]<\/p>\n","protected":false},"author":1,"featured_media":0,"comment_status":"open","ping_status":"open","sticky":false,"template":"","format":"standard","meta":{"footnotes":""},"categories":[7],"tags":[],"class_list":["post-12391","post","type-post","status-publish","format-standard","hentry","category-cnbb"],"_links":{"self":[{"href":"https:\/\/catolicanet.net\/wp-cnet\/wp-json\/wp\/v2\/posts\/12391","targetHints":{"allow":["GET"]}}],"collection":[{"href":"https:\/\/catolicanet.net\/wp-cnet\/wp-json\/wp\/v2\/posts"}],"about":[{"href":"https:\/\/catolicanet.net\/wp-cnet\/wp-json\/wp\/v2\/types\/post"}],"author":[{"embeddable":true,"href":"https:\/\/catolicanet.net\/wp-cnet\/wp-json\/wp\/v2\/users\/1"}],"replies":[{"embeddable":true,"href":"https:\/\/catolicanet.net\/wp-cnet\/wp-json\/wp\/v2\/comments?post=12391"}],"version-history":[{"count":1,"href":"https:\/\/catolicanet.net\/wp-cnet\/wp-json\/wp\/v2\/posts\/12391\/revisions"}],"predecessor-version":[{"id":24577,"href":"https:\/\/catolicanet.net\/wp-cnet\/wp-json\/wp\/v2\/posts\/12391\/revisions\/24577"}],"wp:attachment":[{"href":"https:\/\/catolicanet.net\/wp-cnet\/wp-json\/wp\/v2\/media?parent=12391"}],"wp:term":[{"taxonomy":"category","embeddable":true,"href":"https:\/\/catolicanet.net\/wp-cnet\/wp-json\/wp\/v2\/categories?post=12391"},{"taxonomy":"post_tag","embeddable":true,"href":"https:\/\/catolicanet.net\/wp-cnet\/wp-json\/wp\/v2\/tags?post=12391"}],"curies":[{"name":"wp","href":"https:\/\/api.w.org\/{rel}","templated":true}]}}