{"id":12388,"date":"2015-11-23T13:08:57","date_gmt":"2015-11-23T15:08:57","guid":{"rendered":"http:\/\/catolicanet.net\/wp-cnet\/2015\/11\/23\/conhecer-para-dialogar-5-frequentes-mal-entendidos-islamicos-sobre-o-cristianismo\/"},"modified":"2017-05-31T14:46:56","modified_gmt":"2017-05-31T17:46:56","slug":"conhecer-para-dialogar-5-frequentes-mal-entendidos-islamicos-sobre-o-cristianismo","status":"publish","type":"post","link":"https:\/\/catolicanet.net\/wp-cnet\/conhecer-para-dialogar-5-frequentes-mal-entendidos-islamicos-sobre-o-cristianismo\/","title":{"rendered":"Conhecer para dialogar: 5 frequentes mal-entendidos isl\u00e2micos sobre o cristianismo"},"content":{"rendered":"<p style=\"text-align: justify;\"><img decoding=\"async\" src=\"http:\/\/catolicanet.com.br\/images\/stories\/wmuc3a7ulmanos.jpg\" border=\"0\" align=\"left\" \/>Da identidade de Jesus ao \u201cpolite\u00edsmo\u201d da Trindade, passando pelas cruzadas e pelo imperialismo ocidental<\/p>\n<p>Por um lado, respeito e amizade; por outro, espanto e avers\u00e3o. \u00c9 oscilante a vis\u00e3o que os mu\u00e7ulmanos t\u00eam do cristianismo.<\/p>\n<p>Foi lan\u00e7ado recentemente na It\u00e1lia o livro \u201cI figli del Corano. L\u2019islam oltre i luoghi comuni\u201d [\u201cOs filhos do alcor\u00e3o: o isl\u00e3 por tr\u00e1s dos clich\u00eas\u201c, ainda sem edi\u00e7\u00e3o em portugu\u00eas], do padre salesiano Pier Giorgio Gianazza, que aborda o que \u00e9 dito no alcor\u00e3o sobre os crist\u00e3os e o cristianismo.<\/p>\n<p>Existe amizade e estima em passagens como estas: \u201cVer\u00e1s que os mais cordiais amigos daqueles que acreditam (os mu\u00e7ulmanos) s\u00e3o os que dizem: somos crist\u00e3os. Isto porque entre eles h\u00e1 padres e monges e porque n\u00e3o s\u00e3o soberbos\u201d (5,82); \u201cEnviamos Jesus, filho de Maria. Demos-lhe o Evangelho e no cora\u00e7\u00e3o de seus seguidores pusemos mansid\u00e3o e miseric\u00f3rdia\u201d (57,27).<\/p>\n<p>Em paralelo, aqui est\u00e3o 5 preconceitos comuns entre os mu\u00e7ulmanos a respeito do cristianismo.<\/p>\n<p>1 \u2013 JESUS \u200b\u200bN\u00c3O \u00c9 O FILHO DE DEUS<br \/>As numerosas refer\u00eancias do alcor\u00e3o a Jesus s\u00e3o de louvor, respeito, grande considera\u00e7\u00e3o e venera\u00e7\u00e3o, mas sempre considerando-o um simples homem, ainda que eminente profeta. O livro sagrado do isl\u00e3 nega expressamente e com \u00eanfase tanto a divindade de Jesus quanto a Trindade crist\u00e3, al\u00e9m de rejeitar algumas pr\u00e1ticas crist\u00e3s como monaquismo. Jesus n\u00e3o \u00e9 Deus, nem \u00e9 Seu Filho.<\/p>\n<p>2 \u2013 POLITE\u00cdSMO<br \/>Justamente por causa da Trindade (Deus \u00e9 um e tr\u00eas), n\u00e3o faltam os mu\u00e7ulmanos que consideram os crist\u00e3os \u201cmeio polite\u00edstas\u201d ou \u201cpseudomonote\u00edstas\u201d. Da\u00ed o r\u00f3tulo de kuffar (infi\u00e9is, incr\u00e9dulos) que alguns mu\u00e7ulmanos aplicam aos crist\u00e3os. O crist\u00e3o seria infiel \u00e0 mensagem religiosa de Jesus e teria deturpado o seu Evangelho.<\/p>\n<p>3 \u2013 EVANGELHOS N\u00c3O VERDADEIROS<br \/>Somente o alcor\u00e3o, do ponto de vista isl\u00e2mico, representa a figura aut\u00eantica de Jesus: um sinal de Deus, um grande profeta que opera milagres, mas um simples homem, que n\u00e3o foi crucificado. O verdadeiro e \u00fanico Jesus seria aquele descrito e proposto pelo alcor\u00e3o, n\u00e3o aquele que teria sido \u201calterado\u201d pelos quatro Evangelhos e pelos seus ap\u00f3stolos, especialmente por Paulo.<\/p>\n<p>4 \u2013 MIST\u00c9RIOS ABSURDOS<br \/>E os chamados mist\u00e9rios crist\u00e3os, como a Trindade, a Encarna\u00e7\u00e3o, a Eucaristia, a Cruz, a Reden\u00e7\u00e3o? Para eles, al\u00e9m de complicados, inaceit\u00e1veis e quase absurdos, eles s\u00e3o in\u00fateis. Entre as virtudes do crist\u00e3o, eles admiram o perd\u00e3o e at\u00e9 o amor aos inimigos, mas n\u00e3o os compartilham nem os seguem, porque os acham imposs\u00edveis ou inconclusivos. Quanto ao celibato pelo Reino de Deus, eles o consideram n\u00e3o s\u00f3 contr\u00e1rio \u00e0 natureza humana, mas tamb\u00e9m ao plano divino de crescimento da humanidade.<\/p>\n<p>5 \u2013 CRISTIANISMO = OCIDENTE<br \/>Os mu\u00e7ulmanos em geral veem a Igreja mais como um poder temporal do que espiritual, al\u00e9m de equipararem o cristianismo ao Ocidente (visto principalmente em suas express\u00f5es negativas de imperialismo, colonialismo, laicismo, materialismo, relativismo). Eles ainda evocam constantemente a \u00e9poca das Cruzadas, vendo na hist\u00f3ria crist\u00e3 um esfor\u00e7o proselitista de domina\u00e7\u00e3o do mundo e elimina\u00e7\u00e3o das outras religi\u00f5es, o que obstaculiza o di\u00e1logo.<\/p>\n<p style=\"text-align: justify;\">Fonte: Aleteia<\/p>\n","protected":false},"excerpt":{"rendered":"<p>Da identidade de Jesus ao \u201cpolite\u00edsmo\u201d da Trindade, passando pelas cruzadas e pelo imperialismo ocidental Por um lado, respeito e amizade; por outro, espanto e avers\u00e3o. \u00c9 oscilante a vis\u00e3o que os mu\u00e7ulmanos t\u00eam do cristianismo. Foi lan\u00e7ado recentemente na It\u00e1lia o livro \u201cI figli del Corano. L\u2019islam oltre i luoghi comuni\u201d [\u201cOs filhos do [&hellip;]<\/p>\n","protected":false},"author":1,"featured_media":0,"comment_status":"open","ping_status":"open","sticky":false,"template":"","format":"standard","meta":{"footnotes":""},"categories":[4],"tags":[],"class_list":["post-12388","post","type-post","status-publish","format-standard","hentry","category-cotidiano"],"_links":{"self":[{"href":"https:\/\/catolicanet.net\/wp-cnet\/wp-json\/wp\/v2\/posts\/12388","targetHints":{"allow":["GET"]}}],"collection":[{"href":"https:\/\/catolicanet.net\/wp-cnet\/wp-json\/wp\/v2\/posts"}],"about":[{"href":"https:\/\/catolicanet.net\/wp-cnet\/wp-json\/wp\/v2\/types\/post"}],"author":[{"embeddable":true,"href":"https:\/\/catolicanet.net\/wp-cnet\/wp-json\/wp\/v2\/users\/1"}],"replies":[{"embeddable":true,"href":"https:\/\/catolicanet.net\/wp-cnet\/wp-json\/wp\/v2\/comments?post=12388"}],"version-history":[{"count":1,"href":"https:\/\/catolicanet.net\/wp-cnet\/wp-json\/wp\/v2\/posts\/12388\/revisions"}],"predecessor-version":[{"id":26814,"href":"https:\/\/catolicanet.net\/wp-cnet\/wp-json\/wp\/v2\/posts\/12388\/revisions\/26814"}],"wp:attachment":[{"href":"https:\/\/catolicanet.net\/wp-cnet\/wp-json\/wp\/v2\/media?parent=12388"}],"wp:term":[{"taxonomy":"category","embeddable":true,"href":"https:\/\/catolicanet.net\/wp-cnet\/wp-json\/wp\/v2\/categories?post=12388"},{"taxonomy":"post_tag","embeddable":true,"href":"https:\/\/catolicanet.net\/wp-cnet\/wp-json\/wp\/v2\/tags?post=12388"}],"curies":[{"name":"wp","href":"https:\/\/api.w.org\/{rel}","templated":true}]}}