{"id":12386,"date":"2015-11-23T12:46:59","date_gmt":"2015-11-23T14:46:59","guid":{"rendered":"http:\/\/catolicanet.net\/wp-cnet\/2015\/11\/23\/onu-classifica-estado-islamico-como-ameaca-global\/"},"modified":"2017-06-02T11:32:08","modified_gmt":"2017-06-02T14:32:08","slug":"onu-classifica-estado-islamico-como-ameaca-global","status":"publish","type":"post","link":"https:\/\/catolicanet.net\/wp-cnet\/onu-classifica-estado-islamico-como-ameaca-global\/","title":{"rendered":"ONU classifica \u201cEstado Isl\u00e2mico\u201d como amea\u00e7a global"},"content":{"rendered":"<p style=\"text-align: justify;\"><img decoding=\"async\" src=\"http:\/\/catolicanet.com.br\/images\/stories\/ap3183539_articolo.jpg\" border=\"0\" align=\"left\" \/>O Conselho de Seguran\u00e7a das Na\u00e7\u00f5es Unidas aprovou, na sexta-feira (20\/11), por unanimidade, uma resolu\u00e7\u00e3o que declara o auto-proclamado Estado Isl\u00e2mico uma amea\u00e7a global e sem precedentes \u00e0 paz e \u00e0 seguran\u00e7a internacionais. O Conselho pediu a todos os pa\u00edses que fa\u00e7am o que for necess\u00e1rio para erradicar as \u00e1reas controladas pelos extremistas na S\u00edria e no Iraque.<\/p>\n<p>Os 15 pa\u00edses integrantes do Conselho de Seguran\u00e7a alertaram que o grupo planeja realizar mais ataques como os que ocorreram em Paris e em Beirute. Eles citaram tamb\u00e9m opera\u00e7\u00f5es extremistas na Tun\u00edsia, Turquia e no Egito, na queda do avi\u00e3o russo na regi\u00e3o do Sinai.<\/p>\n<p>O Conselho de Seguran\u00e7a alertou que o Estado Isl\u00e2mico, ou Daesh pela nomenclatura em \u00e1rabe, \u201ctem condi\u00e7\u00f5es e a inten\u00e7\u00e3o de realizar outros atentados. Os pa\u00edses-membros \u201ccondenaram veementemente\u201d o EI e outros grupos terroristas na regi\u00e3o, como a Frente Al-Nusrah.<\/p>\n<p>A resolu\u00e7\u00e3o pede aos Estados que intensifiquem os esfor\u00e7os para reduzir o fluxo de combatentes terroristas estrangeiros para o Iraque e para a S\u00edria. O documento quer ainda que os governos evitem e suspendam qualquer tipo de financiamento para o terrorismo.<\/p>\n<p>Justi\u00e7a<\/p>\n<p>O \u00f3rg\u00e3o reafirmou que os respons\u00e1veis por a\u00e7\u00f5es terroristas, viola\u00e7\u00f5es da lei humanit\u00e1ria internacional ou abusos dos direitos humanos devem ser levados \u00e0 justi\u00e7a. O Conselho acusou ainda o EI de continuar com viola\u00e7\u00f5es generalizadas e sistem\u00e1ticas dos direitos humanos, como tamb\u00e9m de atos b\u00e1rbaros e roubo do Patrim\u00f4nio Cultural da regi\u00e3o.<\/p>\n<p>Os pa\u00edses-membros mencionaram que o grupo terrorista controla \u00e1reas de recursos naturais, ricas em petr\u00f3leo, e continua com as opera\u00e7\u00f5es de recrutamento e treinamento de extremistas estrangeiros, que amea\u00e7am toda a comunidade internacional. (R\u00e1dio ONU\/RB)<\/p>\n<p style=\"text-align: justify;\">Fonte: R\u00e1dio Vaticano<\/p>\n","protected":false},"excerpt":{"rendered":"<p>O Conselho de Seguran\u00e7a das Na\u00e7\u00f5es Unidas aprovou, na sexta-feira (20\/11), por unanimidade, uma resolu\u00e7\u00e3o que declara o auto-proclamado Estado Isl\u00e2mico uma amea\u00e7a global e sem precedentes \u00e0 paz e \u00e0 seguran\u00e7a internacionais. O Conselho pediu a todos os pa\u00edses que fa\u00e7am o que for necess\u00e1rio para erradicar as \u00e1reas controladas pelos extremistas na S\u00edria [&hellip;]<\/p>\n","protected":false},"author":1,"featured_media":0,"comment_status":"open","ping_status":"open","sticky":false,"template":"","format":"standard","meta":{"footnotes":""},"categories":[3],"tags":[],"class_list":["post-12386","post","type-post","status-publish","format-standard","hentry","category-vaticano"],"_links":{"self":[{"href":"https:\/\/catolicanet.net\/wp-cnet\/wp-json\/wp\/v2\/posts\/12386","targetHints":{"allow":["GET"]}}],"collection":[{"href":"https:\/\/catolicanet.net\/wp-cnet\/wp-json\/wp\/v2\/posts"}],"about":[{"href":"https:\/\/catolicanet.net\/wp-cnet\/wp-json\/wp\/v2\/types\/post"}],"author":[{"embeddable":true,"href":"https:\/\/catolicanet.net\/wp-cnet\/wp-json\/wp\/v2\/users\/1"}],"replies":[{"embeddable":true,"href":"https:\/\/catolicanet.net\/wp-cnet\/wp-json\/wp\/v2\/comments?post=12386"}],"version-history":[{"count":1,"href":"https:\/\/catolicanet.net\/wp-cnet\/wp-json\/wp\/v2\/posts\/12386\/revisions"}],"predecessor-version":[{"id":28230,"href":"https:\/\/catolicanet.net\/wp-cnet\/wp-json\/wp\/v2\/posts\/12386\/revisions\/28230"}],"wp:attachment":[{"href":"https:\/\/catolicanet.net\/wp-cnet\/wp-json\/wp\/v2\/media?parent=12386"}],"wp:term":[{"taxonomy":"category","embeddable":true,"href":"https:\/\/catolicanet.net\/wp-cnet\/wp-json\/wp\/v2\/categories?post=12386"},{"taxonomy":"post_tag","embeddable":true,"href":"https:\/\/catolicanet.net\/wp-cnet\/wp-json\/wp\/v2\/tags?post=12386"}],"curies":[{"name":"wp","href":"https:\/\/api.w.org\/{rel}","templated":true}]}}