{"id":12385,"date":"2015-11-23T12:40:24","date_gmt":"2015-11-23T14:40:24","guid":{"rendered":"http:\/\/catolicanet.net\/wp-cnet\/2015\/11\/23\/francisco-qvou-a-africa-como-mensageiro-de-paz-e-reconciliacaoq\/"},"modified":"2017-06-02T10:52:12","modified_gmt":"2017-06-02T13:52:12","slug":"francisco-qvou-a-africa-como-mensageiro-de-paz-e-reconciliacaoq","status":"publish","type":"post","link":"https:\/\/catolicanet.net\/wp-cnet\/francisco-qvou-a-africa-como-mensageiro-de-paz-e-reconciliacaoq\/","title":{"rendered":"Francisco: &#8220;vou \u00e0 \u00c1frica como mensageiro de paz e reconcilia\u00e7\u00e3o&#8221;"},"content":{"rendered":"<p style=\"text-align: justify;\"><img decoding=\"async\" src=\"http:\/\/catolicanet.com.br\/images\/stories\/reuters1127651_articolo.jpg\" border=\"0\" align=\"left\" \/>O Papa Francisco saudou, nesta segunda-feira (23\/11), em duas mensagens em v\u00eddeo, os povos do Qu\u00eania, Uganda e Rep\u00fablica Centro-Africana, na\u00e7\u00f5es que o pont\u00edfice visitar\u00e1 a partir de quarta-feira at\u00e9 o pr\u00f3ximo dia 30.<\/p>\n<p>\u201cEnvio a todos voc\u00eas e suas fam\u00edlias uma palavra de sauda\u00e7\u00e3o e amizade\u201d, disse o Papa na mensagem enviada ao Qu\u00eania e Uganda.<\/p>\n<p>\u201cVenho como um ministro do Evangelho para proclamar o amor de Jesus Cristo e sua mensagem de reconcilia\u00e7\u00e3o, perd\u00e3o e paz. A minha visita tem como objetivo confirmar a comunidade cat\u00f3lica na f\u00e9 em Deus e no testemunho do Evangelho, que ensina a dignidade de cada homem e mulher, e nos recomenda a abrir os nossos cora\u00e7\u00f5es aos outros, especialmente aos pobres e necessitados\u201d, frisou ainda o Pont\u00edfice<\/p>\n<p>Compreens\u00e3o e o respeito<\/p>\n<p>Francisco deseja encontrar todas as pessoas do Qu\u00eania e Uganda e oferecer-lhes uma palavra de encorajamento. \u201cEstamos vivendo um tempo em que os fi\u00e9is de todas as religi\u00f5es e pessoas de boa vontade s\u00e3o chamados a promover a compreens\u00e3o e o respeito rec\u00edproco, e a ajudar uns aos outros como membros da mesma fam\u00edlia humana. Um momento especial de minha visita ser\u00e1 marcado pelos encontros com os jovens, que s\u00e3o a sua riqueza principal, e a nossa esperan\u00e7a promissora por um futuro de solidariedade, paz e progresso\u201d, disse ainda o Santo Padre. <\/p>\n<p>Francisco agradece a todas as pessoas que est\u00e3o trabalhando na prepara\u00e7\u00e3o de sua visita. \u201cPe\u00e7o a cada um para rezar a fim de que a minha estada no Qu\u00eania e Uganda seja fonte de esperan\u00e7a e est\u00edmulo para todos\u201d, sublinhou.<\/p>\n<p>Mensageiro de paz<\/p>\n<p>O Papa saudou com afeto, na segunda mensagem, os irm\u00e3os e irm\u00e3s da Rep\u00fablica Centro-Africana. \u201c\u00c9 a primeira vez que visito o continente africano, lindo e rico por sua natureza, povos e culturas. Espero fazer grandes descobertas e encontros enriquecedores\u201d, falou o Pont\u00edfice.<\/p>\n<p>Futuro mais justo e sereno<\/p>\n<p>\u201cEste querido pa\u00eds est\u00e1 vivendo h\u00e1 muito tempo uma situa\u00e7\u00e3o de viol\u00eancia e inseguran\u00e7a. O objetivo da minha visita \u00e9 sobretudo levar, em nome de Jesus, consolo e esperan\u00e7a. Espero de cora\u00e7\u00e3o que a minha visita possa contribuir, de uma forma ou de outra, a atenuar as feridas e favorecer as condi\u00e7\u00f5es por um futuro mais sereno para a Rep\u00fablica Centro-Africana e todos os seus habitantes\u201d, sublinhou Francisco.<\/p>\n<p>Citando o tema desta viagem, \u201cPassemos para o outro lado\u201d, o Papa disse que este \u00e9 um tema que \u201cconvida as nossas comunidades crist\u00e3s a olharem adiante com determina\u00e7\u00e3o e encoraja cada um a renovar a pr\u00f3pria rela\u00e7\u00e3o com Deus e com os irm\u00e3os a fim de construir um mundo mais justo e mais fraterno\u201d. <\/p>\n<p>Ano Jubilar da Miseric\u00f3rdia<\/p>\n<p>\u201cTerei a alegria de abrir para voc\u00eas o Ano Jubilar da Miseric\u00f3rdia que espero seja para cada um ocasi\u00e3o de perd\u00e3o aut\u00eantico, ocasi\u00e3o para receber e doar, e de renova\u00e7\u00e3o no amor.\u201d<\/p>\n<p>\u201cVenho entre voc\u00eas como mensageiro de paz. Desejo promover o di\u00e1logo inter-religioso a fim de incentivar a conviv\u00eancia pac\u00edfica em seu pa\u00eds: sei que isto \u00e9 poss\u00edvel porque somos todos irm\u00e3os\u201d, concluiu Francisco.<\/p>\n<p style=\"text-align: justify;\">Fonte: R\u00e1dio Vaticano<\/p>\n","protected":false},"excerpt":{"rendered":"<p>O Papa Francisco saudou, nesta segunda-feira (23\/11), em duas mensagens em v\u00eddeo, os povos do Qu\u00eania, Uganda e Rep\u00fablica Centro-Africana, na\u00e7\u00f5es que o pont\u00edfice visitar\u00e1 a partir de quarta-feira at\u00e9 o pr\u00f3ximo dia 30. \u201cEnvio a todos voc\u00eas e suas fam\u00edlias uma palavra de sauda\u00e7\u00e3o e amizade\u201d, disse o Papa na mensagem enviada ao Qu\u00eania [&hellip;]<\/p>\n","protected":false},"author":1,"featured_media":0,"comment_status":"open","ping_status":"open","sticky":false,"template":"","format":"standard","meta":{"footnotes":""},"categories":[3],"tags":[],"class_list":["post-12385","post","type-post","status-publish","format-standard","hentry","category-vaticano"],"_links":{"self":[{"href":"https:\/\/catolicanet.net\/wp-cnet\/wp-json\/wp\/v2\/posts\/12385","targetHints":{"allow":["GET"]}}],"collection":[{"href":"https:\/\/catolicanet.net\/wp-cnet\/wp-json\/wp\/v2\/posts"}],"about":[{"href":"https:\/\/catolicanet.net\/wp-cnet\/wp-json\/wp\/v2\/types\/post"}],"author":[{"embeddable":true,"href":"https:\/\/catolicanet.net\/wp-cnet\/wp-json\/wp\/v2\/users\/1"}],"replies":[{"embeddable":true,"href":"https:\/\/catolicanet.net\/wp-cnet\/wp-json\/wp\/v2\/comments?post=12385"}],"version-history":[{"count":1,"href":"https:\/\/catolicanet.net\/wp-cnet\/wp-json\/wp\/v2\/posts\/12385\/revisions"}],"predecessor-version":[{"id":27988,"href":"https:\/\/catolicanet.net\/wp-cnet\/wp-json\/wp\/v2\/posts\/12385\/revisions\/27988"}],"wp:attachment":[{"href":"https:\/\/catolicanet.net\/wp-cnet\/wp-json\/wp\/v2\/media?parent=12385"}],"wp:term":[{"taxonomy":"category","embeddable":true,"href":"https:\/\/catolicanet.net\/wp-cnet\/wp-json\/wp\/v2\/categories?post=12385"},{"taxonomy":"post_tag","embeddable":true,"href":"https:\/\/catolicanet.net\/wp-cnet\/wp-json\/wp\/v2\/tags?post=12385"}],"curies":[{"name":"wp","href":"https:\/\/api.w.org\/{rel}","templated":true}]}}