{"id":12384,"date":"2015-11-23T12:32:58","date_gmt":"2015-11-23T14:32:58","guid":{"rendered":"http:\/\/catolicanet.net\/wp-cnet\/2015\/11\/23\/papa-igreja-viuva-fiel-a-espera-de-jesus\/"},"modified":"2017-06-02T13:44:20","modified_gmt":"2017-06-02T16:44:20","slug":"papa-igreja-viuva-fiel-a-espera-de-jesus","status":"publish","type":"post","link":"https:\/\/catolicanet.net\/wp-cnet\/papa-igreja-viuva-fiel-a-espera-de-jesus\/","title":{"rendered":"Papa: Igreja vi\u00fava fiel \u00e0 espera de Jesus"},"content":{"rendered":"<p style=\"text-align: justify;\"><img decoding=\"async\" src=\"http:\/\/catolicanet.com.br\/images\/stories\/00 ossrom88253_articolo.jpg\" border=\"0\" align=\"left\" \/>O Papa Francisco celebrou a missa nesta, segunda-feira (23\/11), na Capela da Casa Santa Marta, onde explicou o Evangelho do dia que fala da pobreza da vi\u00fava que depositou no tesouro do templo duas pequenas moedas enquanto os ricos ostentavam suas grandes ofertas. <\/p>\n<p>Jesus afirma que \u201cesta vi\u00fava pobre depositou mais do que todos\u201d, porque os outros deram o seu sup\u00e9rfluo, enquanto ela, em sua mis\u00e9ria, depositou \u201ctudo o que tinha para viver\u201d. <\/p>\n<p>\u201cNa B\u00edblia, a vi\u00fava \u00e9 a mulher solit\u00e1ria que n\u00e3o tem o marido para proteg\u00ea-la; a mulher que deve se arranjar como pode, que vive da caridade p\u00fablica\u201d, disse Francisco.<\/p>\n<p>\u201cA vi\u00fava desta passagem do Evangelho era uma vi\u00fava que tinha a sua esperan\u00e7a somente no Senhor. Gosto de ver nas vi\u00favas do Evangelho a imagem da viuvez da Igreja que espera o retorno de Jesus\u201d: <\/p>\n<p>\u201cA Igreja \u00e9 a esposa de Jesus, mas o seu Senhor foi embora e o seu \u00fanico tesouro \u00e9 o seu Senhor. A Igreja, quando \u00e9 fiel, deixa tudo por causa da espera de seu Senhor. Quando a Igreja n\u00e3o \u00e9 fiel ou n\u00e3o \u00e9 muito fiel ou n\u00e3o tem muita f\u00e9 no amor de seu Senhor procura se arranjar com outras coisas, com outras seguran\u00e7as, mais do mundo que de Deus.\u201d<\/p>\n<p>\u201cAs vi\u00favas do Evangelho, ressaltou o Papa, d\u00e3o uma bonita mensagem de Jesus sobre a Igreja\u201d:<\/p>\n<p>\u201cTem aquela sozinha, \u00fanica, que saia de Nain, com o caix\u00e3o de seu filho: chorava, sozinha. Sim, as pessoas t\u00e3o boas, a acompanhavam, mas o seu cora\u00e7\u00e3o estava s\u00f3! A Igreja vi\u00fava que chora quando os seus filhos morrem \u00e0 vida de Jesus. Tem aquela outra que, para defender os seus filhos, vai at\u00e9 o juiz in\u00edquo: torna sua vida imposs\u00edvel, batendo \u00e0 sua porta todos os dias, dizendo \u2018fa\u00e7a-me justi\u00e7a!\u2019. No final, faz justi\u00e7a. \u00c9 a Igreja vi\u00fava que reza, intercede por seus filhos. Mas o cora\u00e7\u00e3o da Igreja est\u00e1 sempre com seu Esposo, com Jesus. Est\u00e1 nas alturas. E tamb\u00e9m nossa alma \u2013 de acordo com os pais do deserto \u2013 se parece tanto \u00e0 Igreja. E quando nossa alma, a nossa vida, est\u00e1 mais pr\u00f3xima de Jesus, se afasta de tantas coisas mundanas, coisas que n\u00e3o servem, que n\u00e3o ajudam e que afastam de Jesus. Assim \u00e9 a nossa Igreja que procura o seu Esposo, espera o seu Esposo, espera aquele encontro, que chora por seus filhos, luta por seus filhos, d\u00e1 tudo aquilo que tem porque seu \u00fanico interesse \u00e9 o seu Esposo\u201d.<\/p>\n<p>A \u2018viuvez\u2019 da Igreja \u2013 explica o Papa \u2013 se refere ao fato que a Igreja est\u00e1 esperando Jesus: \u201cpode ser uma Igreja fiel a esta espera, aguardando com confian\u00e7a o retorno do marido ou uma Igreja n\u00e3o fiel a esta \u2018viuvez\u2019, procurando seguran\u00e7as em outras realidades&#8230; a Igreja morna, a Igreja med\u00edocre, a Igreja mundana\u201d. Pensemos tamb\u00e9m \u00e0s nossas almas, exorta por fim o Pont\u00edfice: \u201cAs nossas almas procuram seguran\u00e7a somente no Senhor ou procuram outras seguran\u00e7as que o Senhor n\u00e3o gosta?\u201d:<\/p>\n<p>\u201cNestes \u00faltimos dias do Ano Lit\u00fargico, far\u00e1 bem nos perguntarmos sobre a nossa alma: se \u00e9 como esta Igreja que Jesus quer, se a nossa alma volta-se ao seu esposo e diz: \u2018Vinde, Senhor Jesus! Vinde!\u2019. E que deixamos de lado todas as coisas que n\u00e3o servem, que n\u00e3o s\u00e3o de ajuda \u00e0 fidelidade\u201d.<\/p>\n<p style=\"text-align: justify;\">Fonte: R\u00e1dio Vaticano<\/p>\n","protected":false},"excerpt":{"rendered":"<p>O Papa Francisco celebrou a missa nesta, segunda-feira (23\/11), na Capela da Casa Santa Marta, onde explicou o Evangelho do dia que fala da pobreza da vi\u00fava que depositou no tesouro do templo duas pequenas moedas enquanto os ricos ostentavam suas grandes ofertas. Jesus afirma que \u201cesta vi\u00fava pobre depositou mais do que todos\u201d, porque [&hellip;]<\/p>\n","protected":false},"author":1,"featured_media":0,"comment_status":"open","ping_status":"open","sticky":false,"template":"","format":"standard","meta":{"footnotes":""},"categories":[3],"tags":[],"class_list":["post-12384","post","type-post","status-publish","format-standard","hentry","category-vaticano"],"_links":{"self":[{"href":"https:\/\/catolicanet.net\/wp-cnet\/wp-json\/wp\/v2\/posts\/12384","targetHints":{"allow":["GET"]}}],"collection":[{"href":"https:\/\/catolicanet.net\/wp-cnet\/wp-json\/wp\/v2\/posts"}],"about":[{"href":"https:\/\/catolicanet.net\/wp-cnet\/wp-json\/wp\/v2\/types\/post"}],"author":[{"embeddable":true,"href":"https:\/\/catolicanet.net\/wp-cnet\/wp-json\/wp\/v2\/users\/1"}],"replies":[{"embeddable":true,"href":"https:\/\/catolicanet.net\/wp-cnet\/wp-json\/wp\/v2\/comments?post=12384"}],"version-history":[{"count":1,"href":"https:\/\/catolicanet.net\/wp-cnet\/wp-json\/wp\/v2\/posts\/12384\/revisions"}],"predecessor-version":[{"id":28480,"href":"https:\/\/catolicanet.net\/wp-cnet\/wp-json\/wp\/v2\/posts\/12384\/revisions\/28480"}],"wp:attachment":[{"href":"https:\/\/catolicanet.net\/wp-cnet\/wp-json\/wp\/v2\/media?parent=12384"}],"wp:term":[{"taxonomy":"category","embeddable":true,"href":"https:\/\/catolicanet.net\/wp-cnet\/wp-json\/wp\/v2\/categories?post=12384"},{"taxonomy":"post_tag","embeddable":true,"href":"https:\/\/catolicanet.net\/wp-cnet\/wp-json\/wp\/v2\/tags?post=12384"}],"curies":[{"name":"wp","href":"https:\/\/api.w.org\/{rel}","templated":true}]}}