{"id":12383,"date":"2015-11-23T12:23:53","date_gmt":"2015-11-23T14:23:53","guid":{"rendered":"http:\/\/catolicanet.net\/wp-cnet\/2015\/11\/23\/regional-sul-3-promove-encontro-dos-organismos\/"},"modified":"2017-05-26T16:27:30","modified_gmt":"2017-05-26T19:27:30","slug":"regional-sul-3-promove-encontro-dos-organismos","status":"publish","type":"post","link":"https:\/\/catolicanet.net\/wp-cnet\/regional-sul-3-promove-encontro-dos-organismos\/","title":{"rendered":"Regional Sul 3 promove Encontro dos Organismos"},"content":{"rendered":"<p style=\"text-align: justify;\"><img decoding=\"async\" src=\"http:\/\/catolicanet.com.br\/images\/stories\/00 sul3_organismos_interna.jpg\" border=\"0\" align=\"left\" \/>Durane o evento houve o planejamento de atividades para os pr\u00f3ximos anos<\/p>\n<p>\u201cFoi muito produtivo com momentos fortes de estudo e di\u00e1logo no encontro de linhas que possam sintonizar sempre mais o passo da Igreja no Rio Grande do Sul. Tenho muita esperan\u00e7a porque vemos uma participa\u00e7\u00e3o engajada daqueles que comp\u00f5em os organismos. H\u00e1 um desejo de participa\u00e7\u00e3o e de construir uma caminhada em sintonia com a Confer\u00eancia Nacional dos Bispos do Brasil\u201d, afirma o arcebispo da arquidiocese de Porto Alegre (RS) e presidente do regional Sul 3, dom Jaime Spengler, sobre o Encontro dos Organismos, ocorrido na capital ga\u00facha, de 17 a 18 de novembro.<\/p>\n<p>O evento reuniu cerca de cinquenta pessoas que fazem parte da presid\u00eancia do regional Sul 3, do Conselho Episcopal Pastoral (CEP), da Equipe de Coordenadores Diocesanos de Pastoral, da Equipe de Coordenadores Regionais de Setores e Servi\u00e7os e da Pastoral da Comunica\u00e7\u00e3o (Pascom) do Rio Grande do Sul.<\/p>\n<p>O objetivo foi\u00a0 discutir assuntos e eventos importantes do regional para os pr\u00f3ximos anos, como a partilha do Projeto de Inicia\u00e7\u00e3o \u00e0 Vida Crist\u00e3, o Encontr\u00e3o da Catequese, o Bote F\u00e9, a Jornada Mundial da Juventude e as linhas de a\u00e7\u00e3o do regional Sul 3.<\/p>\n<p>Inicia\u00e7\u00e3o \u00e0 vida Crist\u00e3<\/p>\n<p>Segundo o bispo auxiliar da arquidiocese de Porto Alegre e assessor do tema sobre a inicia\u00e7\u00e3o \u00e0 vida crist\u00e3, dom Leomar Brustolin, muitas dioceses est\u00e3o bem avan\u00e7adas e preocupadas em integrar cada vez mais a vida crist\u00e3 na comunidade.\u00a0 \u201cTodas t\u00eam uma grande preocupa\u00e7\u00e3o de integrar os sacramentos do Batismo, Crisma e Eucaristia para formar disc\u00edpulos de Jesus Cristo, valorizando a comunidade, destacando a leitura orante da Palavra de Deus e, principalmente, indo ao encontro daqueles que se afastaram da comunidade. \u00c9 um sinal de grande esperan\u00e7a para o Rio Grande do Sul. \u00c9 uma renova\u00e7\u00e3o da pr\u00f3pria par\u00f3quia a partir da inicia\u00e7\u00e3o \u00e0 vida crist\u00e3, pois o tempo \u00e9 de esperan\u00e7a\u201d, declara. <\/p>\n<p>Evangeliza\u00e7\u00e3o da Juventude<\/p>\n<p>Para a coordenadora do Servi\u00e7o de Evangeliza\u00e7\u00e3o da Juventude, irm\u00e3 Zenilde Fontes, a realiza\u00e7\u00e3o da partilha da caminhada da juventude neste \u00faltimo bi\u00eanio referente ao per\u00edodo de 2014 a 2015 foi uma proposta de viver em conjunto com todas as dioceses o Projeto #EmMiss\u00e3o. &#8220;O projeto teve como ponto de partida uma viv\u00eancia mission\u00e1ria no Paraguai, teve forma\u00e7\u00e3o pelas Prov\u00edncias Eclesi\u00e1sticas, Escola de Forma\u00e7\u00e3o para Assessores e subs\u00eddio celebrativo. As atividades tiveram como evento celebrativo a Segunda Edi\u00e7\u00e3o do Bote F\u00e9, no dia 1\u00ba de novembro em Porto Alegre. O processo de evangeliza\u00e7\u00e3o da juventude continua e com planejamento para a Jornada Mundial da Juventude, em Crac\u00f3via, na Pol\u00f4nia, em 2016\u201d, reiterou.<\/p>\n<p>Pascom<\/p>\n<p>Durante o encontro, houve reuni\u00e3o da Pastoral da Comunica\u00e7\u00e3o\u00a0 do Rio Grande do Sul. Na ocasi\u00e3o, a coordenadora da Pascom\/RS, Dorcelina Gomes, entregou ao arcebispo Jaime Spengler o projeto regional da Pastoral da Comunica\u00e7\u00e3o referente ao per\u00edodo de 2016 a 2019.<\/p>\n<p>Ordena\u00e7\u00e3o presbiteral<\/p>\n<p>Ainda no encontro, os presentes tamb\u00e9m prestaram homenagem a dom Jaime Spengler pelos seus 25 anos de ordena\u00e7\u00e3o presbiteral. J\u00e1 durante a noite, houve celebra\u00e7\u00e3o eucar\u00edstica na catedral metropolitana de Porto Alegre, presidida por dom Jaime com a presen\u00e7a do clero da arquidiocese, leigos e participantes do Encontro dos Organismos. <\/p>\n<p>Com informa\u00e7\u00f5es e foto do regional Sul 3 da CNBB<\/p>\n<p style=\"text-align: justify;\">Fonte: CNBB<\/p>\n","protected":false},"excerpt":{"rendered":"<p>Durane o evento houve o planejamento de atividades para os pr\u00f3ximos anos \u201cFoi muito produtivo com momentos fortes de estudo e di\u00e1logo no encontro de linhas que possam sintonizar sempre mais o passo da Igreja no Rio Grande do Sul. Tenho muita esperan\u00e7a porque vemos uma participa\u00e7\u00e3o engajada daqueles que comp\u00f5em os organismos. H\u00e1 um [&hellip;]<\/p>\n","protected":false},"author":1,"featured_media":0,"comment_status":"open","ping_status":"open","sticky":false,"template":"","format":"standard","meta":{"footnotes":""},"categories":[7],"tags":[],"class_list":["post-12383","post","type-post","status-publish","format-standard","hentry","category-cnbb"],"_links":{"self":[{"href":"https:\/\/catolicanet.net\/wp-cnet\/wp-json\/wp\/v2\/posts\/12383","targetHints":{"allow":["GET"]}}],"collection":[{"href":"https:\/\/catolicanet.net\/wp-cnet\/wp-json\/wp\/v2\/posts"}],"about":[{"href":"https:\/\/catolicanet.net\/wp-cnet\/wp-json\/wp\/v2\/types\/post"}],"author":[{"embeddable":true,"href":"https:\/\/catolicanet.net\/wp-cnet\/wp-json\/wp\/v2\/users\/1"}],"replies":[{"embeddable":true,"href":"https:\/\/catolicanet.net\/wp-cnet\/wp-json\/wp\/v2\/comments?post=12383"}],"version-history":[{"count":1,"href":"https:\/\/catolicanet.net\/wp-cnet\/wp-json\/wp\/v2\/posts\/12383\/revisions"}],"predecessor-version":[{"id":24000,"href":"https:\/\/catolicanet.net\/wp-cnet\/wp-json\/wp\/v2\/posts\/12383\/revisions\/24000"}],"wp:attachment":[{"href":"https:\/\/catolicanet.net\/wp-cnet\/wp-json\/wp\/v2\/media?parent=12383"}],"wp:term":[{"taxonomy":"category","embeddable":true,"href":"https:\/\/catolicanet.net\/wp-cnet\/wp-json\/wp\/v2\/categories?post=12383"},{"taxonomy":"post_tag","embeddable":true,"href":"https:\/\/catolicanet.net\/wp-cnet\/wp-json\/wp\/v2\/tags?post=12383"}],"curies":[{"name":"wp","href":"https:\/\/api.w.org\/{rel}","templated":true}]}}