{"id":12377,"date":"2015-11-23T11:21:24","date_gmt":"2015-11-23T13:21:24","guid":{"rendered":"http:\/\/catolicanet.net\/wp-cnet\/2015\/11\/23\/questao-sobre-tatuagem-e-piercings\/"},"modified":"2017-05-09T11:39:15","modified_gmt":"2017-05-09T14:39:15","slug":"questao-sobre-tatuagem-e-piercings","status":"publish","type":"post","link":"https:\/\/catolicanet.net\/wp-cnet\/questao-sobre-tatuagem-e-piercings\/","title":{"rendered":"Quest\u00e3o sobre tatuagem e piercings"},"content":{"rendered":"<p style=\"text-align: justify;\">O uso das tatuagens \u00e9 muito antigo. Fazem parte da identidade, \u00fanica e exclusiva de abor\u00edgenes e ancestrais da Polin\u00e9sia e da Am\u00e9rica do Sul. O processo de introduzir sob a epiderme subst\u00e2ncias corantes para apresentar desenhos e pinturas era um sinal de prote\u00e7\u00e3o contra os maus esp\u00edritos segundo aquela mentalidade primitiva. <br \/>Hoje a tatuagem e os piercings est\u00e3o associados a outras realidades.<br \/> Psic\u00f3logos apresentam v\u00e1rias explica\u00e7\u00f5es sobre quem usa estas marcas corporais. <br \/>Sob o ponto de vista religioso cada caso deve ser examinado, observando-se as inten\u00e7\u00f5es de cada um. Cabe aos sacerdotes examinar os motivos que levam\u00a0 um crist\u00e3o a usar esta arte de gravar na pele, por meio de pigmentos coloridos, \u00edcones indel\u00e9veis e qual a finalidade com que isto \u00e9 feito. Eles ter\u00e3o discernimento para dar um parecer. <br \/>Antes de se fazer uma tatuagem ou piercings seria de bom alvitre que, sobretudo, um jovem crist\u00e3o lesse uma passagem no Antigo Testamento que diz: &#8220;N\u00e3o fareis incis\u00f5es no corpo em sinal de luto, nem usareis tatuagem alguma no corpo\u201d (Lev\u00edtico 19,28).\u00a0 No Novo Testamento S\u00e3o Paulo dizia aos Cor\u00edntios: \u201cOu n\u00e3o sabeis que o vosso corpo \u00e9 templo do Esp\u00edrito Santo, que habita em v\u00f3s, que vos foi dado por Deus, e que v\u00f3s n\u00e3o sois senhores de v\u00f3s mesmos? Na verdade fostes comprados por elevado pre\u00e7o. Glorificai, pois a Deus no vosso Corpo\u201d (1 Cor 6,19-20). Cumpre, portanto, medida e equil\u00edbrio em tudo que se refere a este templo santo. <br \/>Al\u00e9m de tudo isto \u00e9 preciso verificar at\u00e9 onde\u00a0 tatuagem ou piercings\u00a0 v\u00e3o prejudicar a sa\u00fade e, neste caso, n\u00e3o custa ouvir um bom dermatologista. Eles alertam: \u201cSe n\u00e3o houver assepsia e t\u00e9cnica adequada, a pele pode ser machucada (principalmente no piercing) inflamar e se contaminar com bact\u00e9rias, fungos e v\u00edrus. Pode haver abscesso, erisipela e at\u00e9 infec\u00e7\u00e3o generalizada. A pele tamb\u00e9m pode ter alergia \u00e0s tintas ou ao material do piercing\u201d. Todo cuidado \u00e9 pouco. <br \/>* Professor no Semin\u00e1rio de Mariana durante 40 anos<\/p>\n","protected":false},"excerpt":{"rendered":"<p>O uso das tatuagens \u00e9 muito antigo. Fazem parte da identidade, \u00fanica e exclusiva de abor\u00edgenes e ancestrais da Polin\u00e9sia e da Am\u00e9rica do Sul. O processo de introduzir sob a epiderme subst\u00e2ncias corantes para apresentar desenhos e pinturas era um sinal de prote\u00e7\u00e3o contra os maus esp\u00edritos segundo aquela mentalidade primitiva. Hoje a tatuagem [&hellip;]<\/p>\n","protected":false},"author":7,"featured_media":0,"comment_status":"open","ping_status":"open","sticky":false,"template":"","format":"standard","meta":{"footnotes":""},"categories":[9],"tags":[],"class_list":["post-12377","post","type-post","status-publish","format-standard","hentry","category-artigos"],"_links":{"self":[{"href":"https:\/\/catolicanet.net\/wp-cnet\/wp-json\/wp\/v2\/posts\/12377","targetHints":{"allow":["GET"]}}],"collection":[{"href":"https:\/\/catolicanet.net\/wp-cnet\/wp-json\/wp\/v2\/posts"}],"about":[{"href":"https:\/\/catolicanet.net\/wp-cnet\/wp-json\/wp\/v2\/types\/post"}],"author":[{"embeddable":true,"href":"https:\/\/catolicanet.net\/wp-cnet\/wp-json\/wp\/v2\/users\/7"}],"replies":[{"embeddable":true,"href":"https:\/\/catolicanet.net\/wp-cnet\/wp-json\/wp\/v2\/comments?post=12377"}],"version-history":[{"count":1,"href":"https:\/\/catolicanet.net\/wp-cnet\/wp-json\/wp\/v2\/posts\/12377\/revisions"}],"predecessor-version":[{"id":21848,"href":"https:\/\/catolicanet.net\/wp-cnet\/wp-json\/wp\/v2\/posts\/12377\/revisions\/21848"}],"wp:attachment":[{"href":"https:\/\/catolicanet.net\/wp-cnet\/wp-json\/wp\/v2\/media?parent=12377"}],"wp:term":[{"taxonomy":"category","embeddable":true,"href":"https:\/\/catolicanet.net\/wp-cnet\/wp-json\/wp\/v2\/categories?post=12377"},{"taxonomy":"post_tag","embeddable":true,"href":"https:\/\/catolicanet.net\/wp-cnet\/wp-json\/wp\/v2\/tags?post=12377"}],"curies":[{"name":"wp","href":"https:\/\/api.w.org\/{rel}","templated":true}]}}