{"id":12360,"date":"2015-11-17T18:26:43","date_gmt":"2015-11-17T20:26:43","guid":{"rendered":"http:\/\/catolicanet.net\/wp-cnet\/2015\/11\/17\/santa-marta-nao-sejam-cristaos-com-uma-vida-dupla\/"},"modified":"2017-05-30T13:39:27","modified_gmt":"2017-05-30T16:39:27","slug":"santa-marta-nao-sejam-cristaos-com-uma-vida-dupla","status":"publish","type":"post","link":"https:\/\/catolicanet.net\/wp-cnet\/santa-marta-nao-sejam-cristaos-com-uma-vida-dupla\/","title":{"rendered":"Santa Marta: \u201cN\u00e3o sejam crist\u00e3os com uma vida dupla!\u201d"},"content":{"rendered":"<p style=\"text-align: justify;\">O Papa Francisco adverte contra o perigo da mundanidade espiritual e lembra que o \u00fanico ant\u00eddoto poss\u00edvel \u00e9 a ora\u00e7\u00e3o<\/p>\n<p>Evitar a &#8220;vida dupla&#8221; e a &#8220;mundanidade&#8221; \u00e9 o conselho que o Papa Francisco deu esta manh\u00e3 durante a homilia na Casa Santa Marta, voltando ao tema da salvaguarda da identidade crist\u00e3, j\u00e1 mencionado ontem.<\/p>\n<p>A inspira\u00e7\u00e3o vem da primeira leitura (2Mc 6,18-31), onde o velho homem Eleazar &#8220;n\u00e3o se deixa enfraquecer pelo esp\u00edrito da mundanidade\u201d e prefere morrer de fome em vez de cair na apostasia do \u201cpensamento \u00fanico\u201d.<\/p>\n<p>Os &#8220;amigos mundanos&#8221; tinham pedido para Eleazar comer carne de porco, mas o velho, estoicamente e &#8220;com nobreza\u201d, conserva at\u00e9 o fim uma \u201cvida coerente\u201d e \u201ccaminha para o mart\u00edrio\u201d, dando \u201ctestemunho\u201d.<\/p>\n<p>A &#8220;mundanidade espiritual&#8221; \u00e9 a primeira armadilha na qual os crist\u00e3os podem cair: vive-se sem uma \u201ccoer\u00eancia de vida\u201d, finge-se uma atitude, mas, nos bastidores, se atua de \u201coutra forma\u201d.<\/p>\n<p>O dem\u00f4nio da mundanidade, observou o Pont\u00edfice, \u00e9 dif\u00edcil de reconhecer \u201cporque \u00e9 como o verme que lentamente destr\u00f3i, degrada, o tecido\u201d, tornando-o inutiliz\u00e1vel e quem \u00e9 sua v\u00edtima, no final, \u201cperde a identidade crist\u00e3\u201d.<\/p>\n<p>Muitas s\u00e3o as pessoas que descaradamente declaram: \u201ceu sou muito cat\u00f3lico, padre, eu vou \u00e0 missa todos os domingos, mas sou muito cat\u00f3lico\u201d. Mas, em seguida, s\u00e3o as mesmas pessoas que, no trabalho, pagam ou pedem propinas, lamentou o Santo Padre.<\/p>\n<p>&#8220;A mundanidade \u2013 destacou \u2013 leva para a vida dupla, aquela que aparece e aquela que \u00e9 verdadeira, e afasta de Deus e destr\u00f3i a sua identidade crist\u00e3\u201d.<\/p>\n<p>\u00c9 por isso que Jesus pede ao Pai para proteger os seus disc\u00edpulos do esp\u00edrito mundano, um pouco como, h\u00e1 muito tempo, tinha feito Eleazar, sacrificando sua vida para n\u00e3o dar o mal exemplo aos mais jovens.<\/p>\n<p>A identidade crist\u00e3, ao contr\u00e1rio do esp\u00edrito mundano, n\u00e3o \u00e9 &#8220;ego\u00edsta&#8221; mas, sim, &#8220;tenta cuidar com a pr\u00f3pria coer\u00eancia, cuidar, evitar o esc\u00e2ndalo, cuidar dos outros, dar um bom exemplo\u201d, destacou o Papa.<\/p>\n<p>Se, por um lado, &#8220;as tenta\u00e7\u00f5es s\u00e3o muitas, e o truque da vida dupla nos tenta a cada dia&#8221;, tornando &#8220;imposs\u00edvel&#8221; enfrentar tudo sozinho, \u201co nosso apoio \u2013 recordou Francisco \u2013 contra a mundanidade que destr\u00f3i a nossa identidade crist\u00e3, que nos leva \u00e0 vida dupla, \u00e9 o Senhor\u201d, recordou Francisco.<\/p>\n<p>A ferramenta para superar essas tenta\u00e7\u00f5es, acrescentou, \u00e9 sempre a ora\u00e7\u00e3o: &#8220;Senhor, eu sou um pecador, realmente, todos somos, mas pe\u00e7o-lhe o seu apoio, dai-me o seu apoio, porque, de um lado eu n\u00e3o finja ser um crist\u00e3o e do outro viva como um pag\u00e3o, como mundano\u201d.<\/p>\n<p>Em conclus\u00e3o, o Papa Francisco sugeriu a medita\u00e7\u00e3o atenta da primeira leitura de hoje: \u201cFar\u00e1 muito dar\u00e1, dar\u00e1 coragem para ser exemplo a todos e tamb\u00e9m dar\u00e1 for\u00e7a e apoio para levar adiante a identidade crist\u00e3, sem pacto, sem vida dupla\u201d, disse.<\/p>\n<p style=\"text-align: justify;\">Fonte: Zenit<\/p>\n","protected":false},"excerpt":{"rendered":"<p>O Papa Francisco adverte contra o perigo da mundanidade espiritual e lembra que o \u00fanico ant\u00eddoto poss\u00edvel \u00e9 a ora\u00e7\u00e3o Evitar a &#8220;vida dupla&#8221; e a &#8220;mundanidade&#8221; \u00e9 o conselho que o Papa Francisco deu esta manh\u00e3 durante a homilia na Casa Santa Marta, voltando ao tema da salvaguarda da identidade crist\u00e3, j\u00e1 mencionado ontem. [&hellip;]<\/p>\n","protected":false},"author":1,"featured_media":0,"comment_status":"open","ping_status":"open","sticky":false,"template":"","format":"standard","meta":{"footnotes":""},"categories":[7],"tags":[],"class_list":["post-12360","post","type-post","status-publish","format-standard","hentry","category-cnbb"],"_links":{"self":[{"href":"https:\/\/catolicanet.net\/wp-cnet\/wp-json\/wp\/v2\/posts\/12360","targetHints":{"allow":["GET"]}}],"collection":[{"href":"https:\/\/catolicanet.net\/wp-cnet\/wp-json\/wp\/v2\/posts"}],"about":[{"href":"https:\/\/catolicanet.net\/wp-cnet\/wp-json\/wp\/v2\/types\/post"}],"author":[{"embeddable":true,"href":"https:\/\/catolicanet.net\/wp-cnet\/wp-json\/wp\/v2\/users\/1"}],"replies":[{"embeddable":true,"href":"https:\/\/catolicanet.net\/wp-cnet\/wp-json\/wp\/v2\/comments?post=12360"}],"version-history":[{"count":1,"href":"https:\/\/catolicanet.net\/wp-cnet\/wp-json\/wp\/v2\/posts\/12360\/revisions"}],"predecessor-version":[{"id":24581,"href":"https:\/\/catolicanet.net\/wp-cnet\/wp-json\/wp\/v2\/posts\/12360\/revisions\/24581"}],"wp:attachment":[{"href":"https:\/\/catolicanet.net\/wp-cnet\/wp-json\/wp\/v2\/media?parent=12360"}],"wp:term":[{"taxonomy":"category","embeddable":true,"href":"https:\/\/catolicanet.net\/wp-cnet\/wp-json\/wp\/v2\/categories?post=12360"},{"taxonomy":"post_tag","embeddable":true,"href":"https:\/\/catolicanet.net\/wp-cnet\/wp-json\/wp\/v2\/tags?post=12360"}],"curies":[{"name":"wp","href":"https:\/\/api.w.org\/{rel}","templated":true}]}}