{"id":12359,"date":"2015-11-17T17:59:21","date_gmt":"2015-11-17T19:59:21","guid":{"rendered":"http:\/\/catolicanet.net\/wp-cnet\/2015\/11\/17\/vida-consagrada-conferencia-de-institutos-religiosos-debate-continuidade-de-periplo-com-velocipede-apos-acidente\/"},"modified":"2017-05-30T13:41:18","modified_gmt":"2017-05-30T16:41:18","slug":"vida-consagrada-conferencia-de-institutos-religiosos-debate-continuidade-de-periplo-com-velocipede-apos-acidente","status":"publish","type":"post","link":"https:\/\/catolicanet.net\/wp-cnet\/vida-consagrada-conferencia-de-institutos-religiosos-debate-continuidade-de-periplo-com-velocipede-apos-acidente\/","title":{"rendered":"Vida Consagrada: Confer\u00eancia de Institutos Religiosos debate continuidade de p\u00e9riplo com veloc\u00edpede ap\u00f3s acidente"},"content":{"rendered":"<p style=\"text-align: justify;\"><img decoding=\"async\" src=\"http:\/\/catolicanet.com.br\/images\/stories\/w715.jpg\" border=\"0\" align=\"left\" \/>\u00abLideran\u00e7a e proximidade\u00bb na forma\u00e7\u00e3o \u00e9 tema em debate na assembleia geral que vai eleger novo presidente da CIRP<\/p>\n<p style=\"text-align: justify;\"> A assembleia-geral da Confer\u00eancia dos Institutos Religiosos de Portugal (CIRP) est\u00e1 a debater a continuidade do \u201cveloc\u00edpede da vida consagrada\u201d, um dos s\u00edmbolos deste ano especial, depois do acidente desta segunda-feira.<\/p>\n<p>\u201cO que poderemos dizer como dire\u00e7\u00e3o da CIRP \u00e9 que houve falha nos trav\u00f5es da bicicleta e p\u00e2nico. Estamos todos unidos em ora\u00e7\u00e3o para que tudo acabe bem\u201d, explicou a irm\u00e3 Gl\u00f3ria Lopes, vogal da dire\u00e7\u00e3o da CIRP.<\/p>\n<p>\u00c0 Ag\u00eancia ECCLESIA, a religiosa acrescentou que como dire\u00e7\u00e3o lamentam o acidente com o veloc\u00edpede de 12 lugares do Ano da Vida Consagrada, que fez cinco feridos, todos adultos, dois dos quais em estado grave, na Diocese de Viseu.<\/p>\n<p>\u201cEstamos em contacto permanente com a Congrega\u00e7\u00e3o das Irm\u00e3s de Jesus, Maria, Jos\u00e9\u201d, acrescentou, revelando que na manh\u00e3 desta segunda-feira, antes do acidente, na assembleia geral da CIRP tinha decorrido \u201cuma partilha muito positiva\u201d da iniciativa.<\/p>\n<p>A vogal da dire\u00e7\u00e3o da CIRP recordou ainda as diversas celebra\u00e7\u00f5es, nacionais e locais, que se t\u00eam estado a promover em Portugal no contexto do Ano da Vida Consagrada, para \u201cdar visibilidade\u201d aos v\u00e1rios institutos.<\/p>\n<p>\u201cPoderia ter sido mais e melhor, mas houve grande empenho das congrega\u00e7\u00f5es de darmo-nos a conhecer em diversos setores de anima\u00e7\u00e3o e \u00e9 de salientar um grande empenho da Igreja diocesana, dos bispos; houve e est\u00e1 a haver partilha de comunh\u00e3o e bom servi\u00e7o\u201d, desenvolveu a irm\u00e3 Gl\u00f3ria Lopes, religiosa das Mission\u00e1rias do Esp\u00edrito Santo.<\/p>\n<p>O conferencista convidado, padre Aquilino Bocos, referiu \u00e0 Ag\u00eancia ECCLESIA que viu participantes \u201cmuito atentos e interessados\u201d a pensar nas responsabilidades que t\u00eam nas suas comunidade e \u201canimados\u201d porque podem prestar um grande servi\u00e7o \u00e0 Igreja.<\/p>\n<p>\u201cJesus disse que veio para estar entre os ap\u00f3stolos como o que serve e nesse princ\u00edpio entende-se perfeitamente o que \u00e9 o servi\u00e7o dos superiores nas suas comunidades, estarem entre os irm\u00e3os como os que servem\u201d, acrescentou o religioso Claretiano.<\/p>\n<p>A CIRP \u00e9 um organismo de direito pontif\u00edcio, com personalidade jur\u00eddica can\u00f3nica e civil, sem fins lucrativos, institu\u00eddo a 16 de abril de 2005, que resultou da fus\u00e3o da Confer\u00eancia Nacional dos Superiores Maiores dos Institutos Religiosos (CNIR) e da Federa\u00e7\u00e3o Nacional das Superioras Maiores dos Institutos Religiosos (FNIRF).<\/p>\n<p>Fonte: Ag\u00eancia Ecclesia<\/p>\n","protected":false},"excerpt":{"rendered":"<p>\u00abLideran\u00e7a e proximidade\u00bb na forma\u00e7\u00e3o \u00e9 tema em debate na assembleia geral que vai eleger novo presidente da CIRP A assembleia-geral da Confer\u00eancia dos Institutos Religiosos de Portugal (CIRP) est\u00e1 a debater a continuidade do \u201cveloc\u00edpede da vida consagrada\u201d, um dos s\u00edmbolos deste ano especial, depois do acidente desta segunda-feira. \u201cO que poderemos dizer como [&hellip;]<\/p>\n","protected":false},"author":1,"featured_media":0,"comment_status":"open","ping_status":"open","sticky":false,"template":"","format":"standard","meta":{"footnotes":""},"categories":[7],"tags":[],"class_list":["post-12359","post","type-post","status-publish","format-standard","hentry","category-cnbb"],"_links":{"self":[{"href":"https:\/\/catolicanet.net\/wp-cnet\/wp-json\/wp\/v2\/posts\/12359","targetHints":{"allow":["GET"]}}],"collection":[{"href":"https:\/\/catolicanet.net\/wp-cnet\/wp-json\/wp\/v2\/posts"}],"about":[{"href":"https:\/\/catolicanet.net\/wp-cnet\/wp-json\/wp\/v2\/types\/post"}],"author":[{"embeddable":true,"href":"https:\/\/catolicanet.net\/wp-cnet\/wp-json\/wp\/v2\/users\/1"}],"replies":[{"embeddable":true,"href":"https:\/\/catolicanet.net\/wp-cnet\/wp-json\/wp\/v2\/comments?post=12359"}],"version-history":[{"count":1,"href":"https:\/\/catolicanet.net\/wp-cnet\/wp-json\/wp\/v2\/posts\/12359\/revisions"}],"predecessor-version":[{"id":24582,"href":"https:\/\/catolicanet.net\/wp-cnet\/wp-json\/wp\/v2\/posts\/12359\/revisions\/24582"}],"wp:attachment":[{"href":"https:\/\/catolicanet.net\/wp-cnet\/wp-json\/wp\/v2\/media?parent=12359"}],"wp:term":[{"taxonomy":"category","embeddable":true,"href":"https:\/\/catolicanet.net\/wp-cnet\/wp-json\/wp\/v2\/categories?post=12359"},{"taxonomy":"post_tag","embeddable":true,"href":"https:\/\/catolicanet.net\/wp-cnet\/wp-json\/wp\/v2\/tags?post=12359"}],"curies":[{"name":"wp","href":"https:\/\/api.w.org\/{rel}","templated":true}]}}