{"id":12354,"date":"2015-11-17T16:39:40","date_gmt":"2015-11-17T18:39:40","guid":{"rendered":"http:\/\/catolicanet.net\/wp-cnet\/2015\/11\/17\/nossa-senhora-vencera-o-terrorismo\/"},"modified":"2017-05-31T15:54:59","modified_gmt":"2017-05-31T18:54:59","slug":"nossa-senhora-vencera-o-terrorismo","status":"publish","type":"post","link":"https:\/\/catolicanet.net\/wp-cnet\/nossa-senhora-vencera-o-terrorismo\/","title":{"rendered":"Nossa Senhora vencer\u00e1 o terrorismo"},"content":{"rendered":"<p style=\"text-align: justify;\"><img decoding=\"async\" src=\"http:\/\/catolicanet.com.br\/images\/stories\/00 fg.jpg\" border=\"0\" align=\"left\" \/>Foi em uma sexta-feira 13 que Nossa Senhora mostrou a vis\u00e3o do inferno aos tr\u00eas pastorinhos de F\u00e1tima. Uma descri\u00e7\u00e3o muito parecida com o que aconteceu em Paris no dia 13 de novembro.<\/p>\n<p>Foi em uma sexta-feira 13 que Nossa Senhora mostrou a vis\u00e3o do Inferno aos tr\u00eas pastozinhos de F\u00e1tima. Irm\u00e3 L\u00facia relata em suas mem\u00f3rias:<\/p>\n<p>\u201cO reflexo pareceu penetrar a terra e vimos como que um mar de fogo. Mergulhados em esse fogo, os dem\u00f4nios e as almas, como se fossem brasas transparentes e negras ou bronzeadas, com forma humana, que flutuavam no inc\u00eandio, levadas pelas chamas que delas mesmas sa\u00edam juntamente com nuvens de fumo, caindo para todos os lados, semelhante ao cair das fa\u00falhas em os grandes (inc\u00eandios), sem peso nem equil\u00edbrio, entre gritos e gemidos de dor e desespero que horrorizava e fazia estremecer de pavor (deveu ser ao deparar-me com esta vista que dei esse ai! que dizem ter-me ouvido).<\/p>\n<p>Os dem\u00f4nios distinguiam-se por formas horr\u00edveis e asquerosas de animais espantosos e desconhecidos, mas transparentes como negros carv\u00f5es em brasa. Assustados e como que a pedir socorro, levantamos a vista para Nossa Senhora que nos disse, com bondade e tristeza:<\/p>\n<p>\u2013 Vistes o inferno, para onde v\u00e3o as almas dos pobres pecadores; para as salvar, Deus quer estabelecer no mundo a devo\u00e7\u00e3o a Meu Imaculado Cora\u00e7\u00e3o.\u201d<\/p>\n<p>Haveria uma descri\u00e7\u00e3o mais precisa do que aconteceu em Paris no dia 13 de novembro? Sem Jesus e Maria, eis o destino que nos aguarda. O Inferno, como se v\u00ea, \u00e9 um atentado terrorista sem fim.<\/p>\n<p>J\u00e1 fomos alertados: as apari\u00e7\u00f5es de La Salette (1846), Lourdes (1858) e F\u00e1tima (1917) fazem uma esp\u00e9cie de resumo prof\u00e9tico do mundo contempor\u00e2neo. Foram precedidas pela apari\u00e7\u00e3o de Nossa Senhora das Gra\u00e7as a Santa Catarina Labour\u00e9, em 1830. O detalhe \u00e9 que essa primeira apari\u00e7\u00e3o dos tempos modernos ocorreu na cidade de Paris, na Rue du Bac. Das quatro manifesta\u00e7\u00f5es pessoais de Nossa Senhora, tr\u00eas ocorreram em solo franc\u00eas. N\u00e3o \u00e9 um acaso: \u00e9 um aviso.<\/p>\n<p>Em 1955, organizou-se um concurso para escolher a bandeira da Comunidade Europeia. A obra escolhida foi do artista pl\u00e1stico franc\u00eas Ars\u00e8ne Heitz: doze estrelas douradas em formato de c\u00edrculo. Quando se descobriu que era um s\u00edmbolo de Nossa Senhora, era tarde demais.<\/p>\n<p>A bandeira da Europa laica ficou sendo uma refer\u00eancia clara \u00e0 passagem mariana do Apocalipse: \u201cUm grande sinal apareceu no c\u00e9u \u2013 uma Mulher vestida de Sol, com a Lua debaixo dos p\u00e9s, e uma coroa de doze estrelas sobre a cabe\u00e7a\u201d. As doze estrelas representam a um s\u00f3 tempo a coroa de Nossa Senhora, os doze ap\u00f3stolos, as doze tribos de Israel e os dozes meses do ano. Um poderoso s\u00edmbolo judaico-crist\u00e3o, criado por um cat\u00f3lico franc\u00eas.<\/p>\n<p>A Europa laica e agn\u00f3stica tem sido incapaz de conter o avan\u00e7o do mal personificado pelo Estado Isl\u00e2mico. A trag\u00e9dia de Paris \u00e9 um sinal de que a Europa crist\u00e3 deve unir for\u00e7as \u2013 com a consagra\u00e7\u00e3o da R\u00fassia ao Imaculado Cora\u00e7\u00e3o de Maria, como Ela pr\u00f3pria pediu em 1917 \u2013 para evitar a precipita\u00e7\u00e3o no abismo. S\u00f3 venceremos a guerra com a bandeira de Maria.<\/p>\n<p>Nossa Senhora das Gra\u00e7as, Nossa Senhora da Salete, Nossa Senhora de Lourdes, Nossa Senhora de F\u00e1tima \u2013 rogai por n\u00f3s, que recorremos a V\u00f3s.<\/p>\n<p> Fonte: Aleteia<\/p>\n","protected":false},"excerpt":{"rendered":"<p>Foi em uma sexta-feira 13 que Nossa Senhora mostrou a vis\u00e3o do inferno aos tr\u00eas pastorinhos de F\u00e1tima. Uma descri\u00e7\u00e3o muito parecida com o que aconteceu em Paris no dia 13 de novembro. Foi em uma sexta-feira 13 que Nossa Senhora mostrou a vis\u00e3o do Inferno aos tr\u00eas pastozinhos de F\u00e1tima. Irm\u00e3 L\u00facia relata em [&hellip;]<\/p>\n","protected":false},"author":1,"featured_media":0,"comment_status":"open","ping_status":"open","sticky":false,"template":"","format":"standard","meta":{"footnotes":""},"categories":[4],"tags":[],"class_list":["post-12354","post","type-post","status-publish","format-standard","hentry","category-cotidiano"],"_links":{"self":[{"href":"https:\/\/catolicanet.net\/wp-cnet\/wp-json\/wp\/v2\/posts\/12354","targetHints":{"allow":["GET"]}}],"collection":[{"href":"https:\/\/catolicanet.net\/wp-cnet\/wp-json\/wp\/v2\/posts"}],"about":[{"href":"https:\/\/catolicanet.net\/wp-cnet\/wp-json\/wp\/v2\/types\/post"}],"author":[{"embeddable":true,"href":"https:\/\/catolicanet.net\/wp-cnet\/wp-json\/wp\/v2\/users\/1"}],"replies":[{"embeddable":true,"href":"https:\/\/catolicanet.net\/wp-cnet\/wp-json\/wp\/v2\/comments?post=12354"}],"version-history":[{"count":1,"href":"https:\/\/catolicanet.net\/wp-cnet\/wp-json\/wp\/v2\/posts\/12354\/revisions"}],"predecessor-version":[{"id":26973,"href":"https:\/\/catolicanet.net\/wp-cnet\/wp-json\/wp\/v2\/posts\/12354\/revisions\/26973"}],"wp:attachment":[{"href":"https:\/\/catolicanet.net\/wp-cnet\/wp-json\/wp\/v2\/media?parent=12354"}],"wp:term":[{"taxonomy":"category","embeddable":true,"href":"https:\/\/catolicanet.net\/wp-cnet\/wp-json\/wp\/v2\/categories?post=12354"},{"taxonomy":"post_tag","embeddable":true,"href":"https:\/\/catolicanet.net\/wp-cnet\/wp-json\/wp\/v2\/tags?post=12354"}],"curies":[{"name":"wp","href":"https:\/\/api.w.org\/{rel}","templated":true}]}}