{"id":12350,"date":"2015-11-17T16:18:52","date_gmt":"2015-11-17T18:18:52","guid":{"rendered":"http:\/\/catolicanet.net\/wp-cnet\/2015\/11\/17\/mexico-500o-aniversario-das-criancas-martires-de-tlaxcala\/"},"modified":"2017-05-31T15:50:54","modified_gmt":"2017-05-31T18:50:54","slug":"mexico-500o-aniversario-das-criancas-martires-de-tlaxcala","status":"publish","type":"post","link":"https:\/\/catolicanet.net\/wp-cnet\/mexico-500o-aniversario-das-criancas-martires-de-tlaxcala\/","title":{"rendered":"M\u00e9xico: 500\u00ba anivers\u00e1rio das Crian\u00e7as M\u00e1rtires de Tlaxcala"},"content":{"rendered":"<p style=\"text-align: justify;\">N\u00fancio apost\u00f3lico encerra o Ano Jubilar com missa solene<\/p>\n<p>Por ocasi\u00e3o do V Centen\u00e1rio de Nascimento das crian\u00e7as bem-aventuradas M\u00e1rtires de Tlaxcala, uma missa solene foi realizada no dia 14 de novembro, no semin\u00e1rio maior de Tlaxcala. A celebra\u00e7\u00e3o, que tamb\u00e9m marcou o encerramento do Ano Jubilar foi presidida pelo N\u00fancio Apost\u00f3lico no M\u00e9xico, Dom Christophe Pierre e concelebrada por 40 bispos.<\/p>\n<p>As crian\u00e7as Cristobal, Antonio e Juan est\u00e3o entre os primeiros nativos da etnia americana convertidos \u00e0 f\u00e9 cat\u00f3lica e os primeiros a derramarem seu sangue por Cristo neste continente. Cristobal nasceu provavelmente no ano de 1514, Antonio e Juan por volta de 1516, por isso, o Bispo de Tlaxcala decretou que em 2015 se celebrasse o V centen\u00e1rio de seu nascimento.<\/p>\n<p> &#8220;Trata-se de um acontecimento muito importante. As crian\u00e7as M\u00e1rtires de Tlaxcala s\u00e3o m\u00e1rtires de toda a Am\u00e9rica Latina, os primeiros a testemunhar a f\u00e9, por isso, nada melhor do que comemorar seus 500 anos no estado de Tlaxcala&#8221;, disse o bispo de Tlaxcala, Francisco Moreno Barron, no in\u00edcio da massa.<\/p>\n<p>Ele destacou que este evento est\u00e1 se tornando uma das celebra\u00e7\u00f5es religiosas mais importantes do pa\u00eds, com o aumento do n\u00famero de fi\u00e9is, e acrescentou que &#8220;s\u00e3o exemplo de defesa da nossa f\u00e9 nos tempos atuais e em cada oportunidade que tenhamos\u201d.<\/p>\n<p>S\u00e3o Jo\u00e3o Paulo II beatificou as crian\u00e7as m\u00e1rtires dia 06 de maio de 1990 na Bas\u00edlica de Guadalupe, durante sua segunda visita pastoral ao M\u00e9xico. Cristobal morreu em 1527, Antonio e Juan, em 1529. Eles foram mortos porque em nome da f\u00e9 cat\u00f3lica, rejeitaram a idolatria e a poligamia.<\/p>\n<p style=\"text-align: justify;\">Fonte: Zenit<\/p>\n","protected":false},"excerpt":{"rendered":"<p>N\u00fancio apost\u00f3lico encerra o Ano Jubilar com missa solene Por ocasi\u00e3o do V Centen\u00e1rio de Nascimento das crian\u00e7as bem-aventuradas M\u00e1rtires de Tlaxcala, uma missa solene foi realizada no dia 14 de novembro, no semin\u00e1rio maior de Tlaxcala. A celebra\u00e7\u00e3o, que tamb\u00e9m marcou o encerramento do Ano Jubilar foi presidida pelo N\u00fancio Apost\u00f3lico no M\u00e9xico, Dom [&hellip;]<\/p>\n","protected":false},"author":1,"featured_media":0,"comment_status":"open","ping_status":"open","sticky":false,"template":"","format":"standard","meta":{"footnotes":""},"categories":[4],"tags":[],"class_list":["post-12350","post","type-post","status-publish","format-standard","hentry","category-cotidiano"],"_links":{"self":[{"href":"https:\/\/catolicanet.net\/wp-cnet\/wp-json\/wp\/v2\/posts\/12350","targetHints":{"allow":["GET"]}}],"collection":[{"href":"https:\/\/catolicanet.net\/wp-cnet\/wp-json\/wp\/v2\/posts"}],"about":[{"href":"https:\/\/catolicanet.net\/wp-cnet\/wp-json\/wp\/v2\/types\/post"}],"author":[{"embeddable":true,"href":"https:\/\/catolicanet.net\/wp-cnet\/wp-json\/wp\/v2\/users\/1"}],"replies":[{"embeddable":true,"href":"https:\/\/catolicanet.net\/wp-cnet\/wp-json\/wp\/v2\/comments?post=12350"}],"version-history":[{"count":1,"href":"https:\/\/catolicanet.net\/wp-cnet\/wp-json\/wp\/v2\/posts\/12350\/revisions"}],"predecessor-version":[{"id":26961,"href":"https:\/\/catolicanet.net\/wp-cnet\/wp-json\/wp\/v2\/posts\/12350\/revisions\/26961"}],"wp:attachment":[{"href":"https:\/\/catolicanet.net\/wp-cnet\/wp-json\/wp\/v2\/media?parent=12350"}],"wp:term":[{"taxonomy":"category","embeddable":true,"href":"https:\/\/catolicanet.net\/wp-cnet\/wp-json\/wp\/v2\/categories?post=12350"},{"taxonomy":"post_tag","embeddable":true,"href":"https:\/\/catolicanet.net\/wp-cnet\/wp-json\/wp\/v2\/tags?post=12350"}],"curies":[{"name":"wp","href":"https:\/\/api.w.org\/{rel}","templated":true}]}}