{"id":12342,"date":"2015-11-16T18:00:45","date_gmt":"2015-11-16T20:00:45","guid":{"rendered":"http:\/\/catolicanet.net\/wp-cnet\/2015\/11\/16\/o-que-o-pequeno-principe-queria-lhe-dizer-quando-voce-crescesse\/"},"modified":"2017-05-31T16:00:47","modified_gmt":"2017-05-31T19:00:47","slug":"o-que-o-pequeno-principe-queria-lhe-dizer-quando-voce-crescesse","status":"publish","type":"post","link":"https:\/\/catolicanet.net\/wp-cnet\/o-que-o-pequeno-principe-queria-lhe-dizer-quando-voce-crescesse\/","title":{"rendered":"O que o Pequeno Pr\u00edncipe queria lhe dizer quando voc\u00ea crescesse"},"content":{"rendered":"<p style=\"text-align: justify;\"><img decoding=\"async\" src=\"http:\/\/catolicanet.com.br\/images\/stories\/web-principito-the-.jpg\" border=\"0\" align=\"left\" \/>T\u00e3o envolvidos pela rotina e correria do dia a dia, podemos esquecer dos anseios mais profundos do cora\u00e7\u00e3o<\/p>\n<p>\u201cO Pequeno Pr\u00edncipe\u201d \u00e9 a obra mais famosa do escritor e aviador franc\u00eas Antoine de Saint-Exup\u00e9ry. O livro foi publicado em abril de 1943.<\/p>\n<p>\u00c9 considerado um livro infantil pela forma como foi escrito, mas na verdade s\u00e3o tratados temas profundos, como o sentido da vida, a solid\u00e3o, a amizade, o amor e a perda \u2013 todas estas realidades profundas sobre a vida e a natureza humana.<\/p>\n<p>Eu gostaria de falar brevemente sobre a dimens\u00e3o do sentido da vida. A pr\u00f3pria ess\u00eancia do livro \u2013 que busca descobrir esse sentido da vida \u2013 encontra-se refletida no segredo que a raposa revela ao Pequeno Pr\u00edncipe: \u201cS\u00f3 se v\u00ea bem com o cora\u00e7\u00e3o. O essencial \u00e9 invis\u00edvel aos olhos\u201d.<\/p>\n<p>Quando a pessoa entra em sintonia com o pr\u00f3prio cora\u00e7\u00e3o, descobre em seu interior anseios que n\u00e3o podem ser saciados com as superficialidades do mundo.<\/p>\n<p>O que \u00e9 vis\u00edvel no mundo n\u00e3o mostra o essencial de que nosso cora\u00e7\u00e3o precisa. Nosso cora\u00e7\u00e3o tem um anseio, um impulso por descobrir respostas para as perguntas mais fundamentais da exist\u00eancia.<\/p>\n<p>O Pequeno Pr\u00edncipe, de maneira muito \u201cinfantil\u201d, come\u00e7a uma busca que o leva a visitar outros planetas. \u201cQuanto mais conhece a realidade do mundo e mais conhece a si mesmo, percebe como mais urgente o interrogante sobre o sentido das coisas e sobre sua pr\u00f3pria exist\u00eancia\u201d (Fides et Ratio, 1).<\/p>\n<p>\u00c9 um caminho existencial que busca o conhecimento de si mesmo. Esse caminho do \u201cconhece-te a ti mesmo\u201d, que \u00e9 uma exorta\u00e7\u00e3o esculpida no templo de Delfos, nos leva \u00e0s perguntas humanas de fundo: \u201cQuem sou eu? De onde venho e para onde vou? O que existir\u00e1 depois desta vida?\u201d (Fides et Ratio, 1).<\/p>\n<p>A pessoa precisa descobrir \u201ccomo \u00e9 questionada pela vida; s\u00f3 ela pode encontrar e ser respons\u00e1vel pela sua pr\u00f3pria exist\u00eancia\u201d (Victor Frankl, \u201cO homem em busca de sentido\u201d). Os adultos est\u00e3o t\u00e3o presos \u00e0 rotina ativista, que se esquecem dos anseios mais profundos do cora\u00e7\u00e3o.<\/p>\n<p>A experi\u00eancia do deserto, na qual se encontra encalhado o piloto, o leva a sintonizar e descobrir essas perguntas fundamentais das quais ningu\u00e9m pode escapar. \u00c0s vezes \u00e9 preciso estar em uma situa\u00e7\u00e3o extrema como essa para enfrentar tais interrogantes.<\/p>\n<p>Quantas vezes fugimos da reflex\u00e3o sobre o sentido da vida?<\/p>\n<p>\u00c9 muito mais f\u00e1cil viver na superficialidade das nossas exist\u00eancias. Encontrar solu\u00e7\u00f5es para nossos interrogantes mais profundos pode nos levar a assumir posturas diante da vida que nos fa\u00e7am sair da nossa \u201cin\u00e9rcia confort\u00e1vel\u201d.<\/p>\n<p>Estas perguntas e respostas fundamentais s\u00f3 podem ser vistas com o cora\u00e7\u00e3o. Enquanto os adultos prestam aten\u00e7\u00e3o nas apar\u00eancias, como aconteceu com o astr\u00f4nomo, a raposa o introduz no conhecimento cordial que transcende o evidente para aferrar-se ao essencial, ao verdadeiramente importante.<\/p>\n<p>Na medida em que a pessoa entra em sintonia com seu interior, consegue dar um novo sentido a toda a realidade, a toda a sua vida, e engrandece o cora\u00e7\u00e3o. Pouco a pouco, come\u00e7a a ser respons\u00e1vel pela pr\u00f3pria vida.<\/p>\n<p>O importante, ent\u00e3o, \u00e9 ser fiel a estas inquietudes profundas que moram em nosso cora\u00e7\u00e3o.<\/p>\n<p>Este cont\u00ednuo estar acordado constitui o centro da virtude fundamental que chamamos de \u201cconsci\u00eancia da responsabilidade\u201d.<\/p>\n<p>Esta responsabilidade diante dos nossos dinamismos interiores \u00e9 muito diferente da respons\u00e1vel rotina que a m\u00e3e da menina lhe imp\u00f5e, no filme, com o fim de poder entrar na prestigiosa institui\u00e7\u00e3o educativa.<\/p>\n<p>N\u00e3o permita que a rotina da vida lhe fa\u00e7a esquecer do que \u00e9 invis\u00edvel aos olhos.<\/p>\n<p style=\"text-align: justify;\">Fonte: Aleteia<\/p>\n","protected":false},"excerpt":{"rendered":"<p>T\u00e3o envolvidos pela rotina e correria do dia a dia, podemos esquecer dos anseios mais profundos do cora\u00e7\u00e3o \u201cO Pequeno Pr\u00edncipe\u201d \u00e9 a obra mais famosa do escritor e aviador franc\u00eas Antoine de Saint-Exup\u00e9ry. O livro foi publicado em abril de 1943. \u00c9 considerado um livro infantil pela forma como foi escrito, mas na verdade [&hellip;]<\/p>\n","protected":false},"author":1,"featured_media":0,"comment_status":"open","ping_status":"open","sticky":false,"template":"","format":"standard","meta":{"footnotes":""},"categories":[4],"tags":[],"class_list":["post-12342","post","type-post","status-publish","format-standard","hentry","category-cotidiano"],"_links":{"self":[{"href":"https:\/\/catolicanet.net\/wp-cnet\/wp-json\/wp\/v2\/posts\/12342","targetHints":{"allow":["GET"]}}],"collection":[{"href":"https:\/\/catolicanet.net\/wp-cnet\/wp-json\/wp\/v2\/posts"}],"about":[{"href":"https:\/\/catolicanet.net\/wp-cnet\/wp-json\/wp\/v2\/types\/post"}],"author":[{"embeddable":true,"href":"https:\/\/catolicanet.net\/wp-cnet\/wp-json\/wp\/v2\/users\/1"}],"replies":[{"embeddable":true,"href":"https:\/\/catolicanet.net\/wp-cnet\/wp-json\/wp\/v2\/comments?post=12342"}],"version-history":[{"count":1,"href":"https:\/\/catolicanet.net\/wp-cnet\/wp-json\/wp\/v2\/posts\/12342\/revisions"}],"predecessor-version":[{"id":26993,"href":"https:\/\/catolicanet.net\/wp-cnet\/wp-json\/wp\/v2\/posts\/12342\/revisions\/26993"}],"wp:attachment":[{"href":"https:\/\/catolicanet.net\/wp-cnet\/wp-json\/wp\/v2\/media?parent=12342"}],"wp:term":[{"taxonomy":"category","embeddable":true,"href":"https:\/\/catolicanet.net\/wp-cnet\/wp-json\/wp\/v2\/categories?post=12342"},{"taxonomy":"post_tag","embeddable":true,"href":"https:\/\/catolicanet.net\/wp-cnet\/wp-json\/wp\/v2\/tags?post=12342"}],"curies":[{"name":"wp","href":"https:\/\/api.w.org\/{rel}","templated":true}]}}