{"id":12328,"date":"2015-11-13T13:23:34","date_gmt":"2015-11-13T15:23:34","guid":{"rendered":"http:\/\/catolicanet.net\/wp-cnet\/2015\/11\/13\/papa-participara-de-um-culto-ecumenico-luterano-em-roma\/"},"modified":"2017-05-30T13:50:15","modified_gmt":"2017-05-30T16:50:15","slug":"papa-participara-de-um-culto-ecumenico-luterano-em-roma","status":"publish","type":"post","link":"https:\/\/catolicanet.net\/wp-cnet\/papa-participara-de-um-culto-ecumenico-luterano-em-roma\/","title":{"rendered":"Papa participar\u00e1 de um culto ecum\u00eanico luterano em Roma"},"content":{"rendered":"<p style=\"text-align: justify;\"><img decoding=\"async\" src=\"http:\/\/catolicanet.com.br\/images\/stories\/rv9926_articolo.jpg\" border=\"0\" align=\"left\" \/>O Papa Francisco vai visitar a Igreja evang\u00e9lica Luterana de Roma, na tarde do pr\u00f3ximo domingo, para participar de um culto dominical. Foi o que anunciou o Pastor da comunidade romana, Jens-Martin Kruse.<\/p>\n<p>Em sua declara\u00e7\u00e3o o Pastor Kruse disse: \u201cReceberemos o Bispo de Roma, no \u00e2mbito das visitas pontif\u00edcias precedentes. Trata-se de um encontro simples, segundo a tradi\u00e7\u00e3o luterana\u201d.<\/p>\n<p>A celebra\u00e7\u00e3o ecum\u00eanica prev\u00ea uma reflex\u00e3o sobre o trecho b\u00edblico do Ju\u00edzo Universal, previsto para aquele dia pelo calend\u00e1rio lit\u00fargico da Igreja Luterana.<\/p>\n<p>\u201cTrata-se de um belo texto da nossa celebra\u00e7\u00e3o \u2013 explicou o Pastor Kruse, ao citar o trecho do evangelho de Mateus &#8211;\u00a0 que bem reflete os tempos em que vivemos: \u201cEm verdade vos digo: o que fizestes a um destes meus irm\u00e3os mais pequeninos, a mim o fizestes\u201d.<\/p>\n<p>Al\u00e9m da Comunidade local luterana e dos dois p\u00e1rocos das igrejas cat\u00f3licas de S\u00e3o Camilo e de S\u00e3o Patr\u00edcio, estar\u00e3o presentes no encontro com o Papa o decano e o vice-decano da Igreja evang\u00e9lica Luterana na It\u00e1lia, respectivamente o Pastor Heiner Bludau e Jakob Betz, como tamb\u00e9m a presidente do S\u00ednodo Luterano, Christiane Gr\u00f6ben.<\/p>\n<p>O coral da comunidade luterana vai abrilhantar a celebra\u00e7\u00e3o ecum\u00eanica, que se concluir\u00e1 com o trecho \u201cCristo ressuscitou\u201d de Johann Sebastian Bach, pois \u2013 concluiu o Pastor Kruse &#8211; o que une os crist\u00e3os \u00e9 precisamente a esperan\u00e7a da ressurrei\u00e7\u00e3o: \u201cO compromisso para a unidade dos crist\u00e3os tem como ponto alto esta esperan\u00e7a comum\u201d.<\/p>\n<p>A \u00faltima vez que um Pont\u00edfice visitou esta Comunidade Luterana de Roma foi em 14 de mar\u00e7o de 2010, quando Bento XVI participou de um culto em alem\u00e3o. No entanto, o Papa Jo\u00e3o Paulo II foi o primeiro a visitar esta igreja em 11 de dezembro de 1983, por ocasi\u00e3o do 50\u00b0 anivers\u00e1rio de nascimento do Reformador Martinho Lutero.<\/p>\n<p>A visita que o Papa Francisco far\u00e1 \u00e0 Comunidade Luterana da sua Diocese de Roma se realiza dois anos antes do 50\u00b0 anivers\u00e1rio da Reforma, que ser\u00e1 celebrada em todo o mundo em 2017.<\/p>\n<p style=\"text-align: justify;\">Fonte: R\u00e1dio Vaticano<\/p>\n","protected":false},"excerpt":{"rendered":"<p>O Papa Francisco vai visitar a Igreja evang\u00e9lica Luterana de Roma, na tarde do pr\u00f3ximo domingo, para participar de um culto dominical. Foi o que anunciou o Pastor da comunidade romana, Jens-Martin Kruse. Em sua declara\u00e7\u00e3o o Pastor Kruse disse: \u201cReceberemos o Bispo de Roma, no \u00e2mbito das visitas pontif\u00edcias precedentes. Trata-se de um encontro [&hellip;]<\/p>\n","protected":false},"author":1,"featured_media":0,"comment_status":"open","ping_status":"open","sticky":false,"template":"","format":"standard","meta":{"footnotes":""},"categories":[3],"tags":[],"class_list":["post-12328","post","type-post","status-publish","format-standard","hentry","category-vaticano"],"_links":{"self":[{"href":"https:\/\/catolicanet.net\/wp-cnet\/wp-json\/wp\/v2\/posts\/12328","targetHints":{"allow":["GET"]}}],"collection":[{"href":"https:\/\/catolicanet.net\/wp-cnet\/wp-json\/wp\/v2\/posts"}],"about":[{"href":"https:\/\/catolicanet.net\/wp-cnet\/wp-json\/wp\/v2\/types\/post"}],"author":[{"embeddable":true,"href":"https:\/\/catolicanet.net\/wp-cnet\/wp-json\/wp\/v2\/users\/1"}],"replies":[{"embeddable":true,"href":"https:\/\/catolicanet.net\/wp-cnet\/wp-json\/wp\/v2\/comments?post=12328"}],"version-history":[{"count":1,"href":"https:\/\/catolicanet.net\/wp-cnet\/wp-json\/wp\/v2\/posts\/12328\/revisions"}],"predecessor-version":[{"id":24586,"href":"https:\/\/catolicanet.net\/wp-cnet\/wp-json\/wp\/v2\/posts\/12328\/revisions\/24586"}],"wp:attachment":[{"href":"https:\/\/catolicanet.net\/wp-cnet\/wp-json\/wp\/v2\/media?parent=12328"}],"wp:term":[{"taxonomy":"category","embeddable":true,"href":"https:\/\/catolicanet.net\/wp-cnet\/wp-json\/wp\/v2\/categories?post=12328"},{"taxonomy":"post_tag","embeddable":true,"href":"https:\/\/catolicanet.net\/wp-cnet\/wp-json\/wp\/v2\/tags?post=12328"}],"curies":[{"name":"wp","href":"https:\/\/api.w.org\/{rel}","templated":true}]}}