{"id":12319,"date":"2015-11-12T17:18:50","date_gmt":"2015-11-12T19:18:50","guid":{"rendered":"http:\/\/catolicanet.net\/wp-cnet\/2015\/11\/12\/a-verdade-sobre-o-homem-comeca-na-familia\/"},"modified":"2017-05-31T13:31:45","modified_gmt":"2017-05-31T16:31:45","slug":"a-verdade-sobre-o-homem-comeca-na-familia","status":"publish","type":"post","link":"https:\/\/catolicanet.net\/wp-cnet\/a-verdade-sobre-o-homem-comeca-na-familia\/","title":{"rendered":"A verdade sobre o homem come\u00e7a na fam\u00edlia"},"content":{"rendered":"<p style=\"text-align: justify;\">Carta pastoral do arcebispo de Madri, dom Carlos Osoro Sierra: \u201cA vida humana surge de pai e m\u00e3e\u201d<\/p>\n<p>&#8220;A verdade sobre o homem come\u00e7a na fam\u00edlia&#8221; \u00e9 o t\u00edtulo da nova carta semanal do arcebispo de Madri, dom Carlos Osoro Sierra. Publicamos a seguir o texto na \u00edntegra.<\/p>\n<p>Neste m\u00eas de novembro, quando recordamos tantas pessoas que tiveram protagonismo especial em nossa vida, e depois de vivermos o S\u00ednodo da Fam\u00edlia, \u00e9 imperativo, no mais profundo do meu cora\u00e7\u00e3o, falar da fam\u00edlia, da fam\u00edlia em que eu, pessoalmente, experimentei e aprendi o melhor da minha vida. N\u00e3o posso esquecer a fam\u00edlia, que \u00e9 a estrutura fundamental de todas as culturas e em todos os tempos. Na hist\u00f3ria da minha vida, foi crucial contemplar a Fam\u00edlia de Nazar\u00e9, em que Deus mesmo viveu e atrav\u00e9s da qual se fez presente neste mundo, revelando-nos o rosto humano que, se quisermos viver e construir a cultura do encontro, todos temos de ter. Dou gra\u00e7as a Deus por ter-se aproximado da nossa vida dessa maneira. Deus se fez homem: \u201cO Verbo se fez homem e habitou entre n\u00f3s\u201d (Jo 1, 14). Em Jesus Cristo vemos o homem: como ele pode ser e como Deus quer que ele seja. \u00c9 na fam\u00edlia que come\u00e7a a se desenvolver a verdade sobre o homem. E quando a institui\u00e7\u00e3o familiar \u00e9 pressionada de diversas formas para se acomodar a conveni\u00eancias e n\u00e3o \u00e0 verdade, isto n\u00e3o pode ser chamado de progresso da humanidade, mas de mentira instaurada na civiliza\u00e7\u00e3o. A hist\u00f3ria n\u00e3o \u00e9 simplesmente um progresso necess\u00e1rio rumo ao melhor, e sim um acontecimento de liberdade ou um combate entre liberdades que se op\u00f5em; como dizia Santo Agostinho, um conflito entre dois amores: o amor de Deus at\u00e9 o desprezo de si mesmo e o amor de si mesmo at\u00e9 o desprezo de Deus.<\/p>\n<p>Matrim\u00f4nio e fam\u00edlia est\u00e3o unidos \u00e0 dignidade pessoal do homem. Eles n\u00e3o se derivam do instinto e da paix\u00e3o, nem exclusivamente do sentimento; derivam, antes de tudo, de uma decis\u00e3o livre da vontade, de um amor pessoal que torna os esposos uma s\u00f3 carne, um s\u00f3 cora\u00e7\u00e3o e uma s\u00f3 alma. O matrim\u00f4nio \u00e9 orientado ao futuro, \u00e9 o \u00fanico lugar id\u00f4neo para a gera\u00e7\u00e3o e para a educa\u00e7\u00e3o dos filhos; por isso, em sua ess\u00eancia, ele \u00e9 orientado \u00e0 fecundidade, a criarmos a cultura da vida como colaboradores do amor criador de Deus. A regra estabelecida para os processos da vida deve ser respeitada. N\u00e3o se pode qualificar uma sociedade de progressista se ela n\u00e3o respeita esses processos; do contr\u00e1rio, faremos uma sociedade de olhos fechados para o futuro. N\u00e3o respeitar os processos da vida em sua ess\u00eancia \u00e9 levar \u00e0 cultura da morte, com processos parecidos e at\u00e9 mais dissimulados, como temos vivido em tempos recentes na Europa.<\/p>\n<p>A fam\u00edlia, fundada e vivificada pelo amor, \u00e9 uma comunidade de pessoas: do homem e da mulher, esposos e pais, e dos filhos. Remontar ao princ\u00edpio, ao gesto criador de Deus, \u00e9 uma necessidade para a fam\u00edlia se ela quer se conhecer e realizar segundo a verdade interior do seu ser e da sua a\u00e7\u00e3o hist\u00f3rica. Quero fazer tr\u00eas afirma\u00e7\u00f5es ao contemplar esse gesto criador de Deus:<\/p>\n<p>1. Creio na fam\u00edlia: Sim, creio nesta comunidade de pessoas. A vida humana surge de pai e m\u00e3e. Negar um deles \u00e9 negar a vida. Todo homem nasce de pai e m\u00e3e e cada um deles \u00e9 indivis\u00edvel do \u00fanico ser que somos. N\u00e3o se pode surgir fisicamente sem pai e m\u00e3e. S\u00e3o princ\u00edpios f\u00edsicos de exist\u00eancia, princ\u00edpios pessoais de constitui\u00e7\u00e3o e princ\u00edpios simb\u00f3licos e psicol\u00f3gicos de identifica\u00e7\u00e3o do ser humano como ser com sentido no mundo. Duas palavras sagradas para o ser humano, pai e m\u00e3e, com um conte\u00fado especial. Negar ou diluir pai e m\u00e3e \u00e9 um ataque \u00e0 pr\u00f3pria ess\u00eancia da vida.<\/p>\n<p>2. Espero na fam\u00edlia: Sim, na fam\u00edlia que recebeu a miss\u00e3o de custodiar, revelar e comunicar o amor. Como nos disse S\u00e3o Jo\u00e3o Paulo II, \u201co homem n\u00e3o pode viver sem amor. Permanece para si mesmo como um ser incompreens\u00edvel; sua vida \u00e9 privada de sentido se n\u00e3o lhe \u00e9 revelado o amor, se ele n\u00e3o se encontra com o amor, se n\u00e3o o experimenta e n\u00e3o o torna pr\u00f3prio, se n\u00e3o participa dele vivamente\u201d (RH 10). O papa Francisco nos insistiu que este amor tem a sua realiza\u00e7\u00e3o mais profunda no amor do homem e da mulher no matrim\u00f4nio, e, de forma mais ampla, entre os membros da mesma fam\u00edlia. O compromisso fundamental da fam\u00edlia \u00e9 o servi\u00e7o \u00e0 vida, com o qual ela promove, instaura e serve \u00e0 cultura da vida. O matrim\u00f4nio formado pelo homem e pela mulher, in\u00edcio singular da fam\u00edlia, \u00e9 a ess\u00eancia da cultura da vida e, portanto, do futuro da humanidade.<\/p>\n<p>3. Amor \u00e0 fam\u00edlia: Como n\u00e3o amar a fam\u00edlia se nela e dela recebemos o melhor que temos, que \u00e9 a vida mesma? \u201cDeus, com a cria\u00e7\u00e3o do homem e da mulher \u00e0 sua imagem e semelhan\u00e7a, coroa e leva \u00e0 perfei\u00e7\u00e3o a obra de suas m\u00e3os; Ele os chama a uma especial participa\u00e7\u00e3o no seu amor e, ao mesmo tempo, no seu poder de Criador e Pai, mediante a sua coopera\u00e7\u00e3o livre e respons\u00e1vel na transmiss\u00e3o do dom da vida\u201d (FC 28). Enfrentar o caminho da voca\u00e7\u00e3o matrimonial e familiar significa aprender o amor conjugal dia a dia, ano ap\u00f3s ano, o amor em alma e corpo, o amor que \u00e9 \u201cpaciente e bondoso, que n\u00e3o busca seu interesse (&#8230;), n\u00e3o tem medo do mal\u201d. O amor \u201cencontra sua alegria na verdade\u201d, o amor \u201ctudo suporta\u201d (I Cor 13). N\u00e3o deixemos que nos roubem e arrebatem a riqueza da fam\u00edlia. N\u00e3o incluamos em nosso projeto de vida um conte\u00fado deformado, empobrecido. \u201cO amor se alegra com a verdade\u201d. Busquemos a verdade do matrim\u00f4nio e da fam\u00edlia onde ela se encontra; cada um de n\u00f3s \u00e9 verifica\u00e7\u00e3o dessa verdade. Estejamos dispostos a buscar a verdade da fam\u00edlia no amor misericordioso, que, com tanta for\u00e7a, nos foi revelado por Jesus Cristo; esta deve ser a nossa paix\u00e3o. E n\u00e3o caiamos na corrente das opini\u00f5es em que se desvia do amor de Cristo, que \u00e9 misericordioso e sempre instaura caminhos para defender a verdade do homem, cuja revela\u00e7\u00e3o tamb\u00e9m se d\u00e1 na fam\u00edlia. Isto \u00e9 converter o amor em amor verdadeiro.<\/p>\n<p>Na Fam\u00edlia de Nazar\u00e9 encontramos os argumentos necess\u00e1rios para dizer que a fam\u00edlia \u00e9 uma realidade sagrada. E que pai e m\u00e3e s\u00e3o as palavras mais belas porque falam da verdade do homem e da mulher que geram vida e prolongam o amor de Deus. N\u00f3s, surgidos \u00e0 vida necessariamente por meio de pai e m\u00e3e, n\u00e3o somos um acr\u00e9scimo externo ao amor m\u00fatuo dos nossos pais: n\u00f3s brotamos do pr\u00f3prio cora\u00e7\u00e3o da sua doa\u00e7\u00e3o rec\u00edproca, sendo seu fruto e seu cumprimento. Creiam na fam\u00edlia. Como lhes disse em outras ocasi\u00f5es, a fam\u00edlia \u00e9 a \u201cescola de belas artes\u201d mais importante na vida do ser humano; aquela em que a beleza mais intensa se revela ao homem.<\/p>\n<p>Com grande afeto e a minha b\u00ean\u00e7\u00e3o,<\/p>\n<p style=\"text-align: justify;\">Fonte: Zenit<\/p>\n","protected":false},"excerpt":{"rendered":"<p>Carta pastoral do arcebispo de Madri, dom Carlos Osoro Sierra: \u201cA vida humana surge de pai e m\u00e3e\u201d &#8220;A verdade sobre o homem come\u00e7a na fam\u00edlia&#8221; \u00e9 o t\u00edtulo da nova carta semanal do arcebispo de Madri, dom Carlos Osoro Sierra. Publicamos a seguir o texto na \u00edntegra. Neste m\u00eas de novembro, quando recordamos tantas [&hellip;]<\/p>\n","protected":false},"author":1,"featured_media":0,"comment_status":"open","ping_status":"open","sticky":false,"template":"","format":"standard","meta":{"footnotes":""},"categories":[4],"tags":[],"class_list":["post-12319","post","type-post","status-publish","format-standard","hentry","category-cotidiano"],"_links":{"self":[{"href":"https:\/\/catolicanet.net\/wp-cnet\/wp-json\/wp\/v2\/posts\/12319","targetHints":{"allow":["GET"]}}],"collection":[{"href":"https:\/\/catolicanet.net\/wp-cnet\/wp-json\/wp\/v2\/posts"}],"about":[{"href":"https:\/\/catolicanet.net\/wp-cnet\/wp-json\/wp\/v2\/types\/post"}],"author":[{"embeddable":true,"href":"https:\/\/catolicanet.net\/wp-cnet\/wp-json\/wp\/v2\/users\/1"}],"replies":[{"embeddable":true,"href":"https:\/\/catolicanet.net\/wp-cnet\/wp-json\/wp\/v2\/comments?post=12319"}],"version-history":[{"count":1,"href":"https:\/\/catolicanet.net\/wp-cnet\/wp-json\/wp\/v2\/posts\/12319\/revisions"}],"predecessor-version":[{"id":26665,"href":"https:\/\/catolicanet.net\/wp-cnet\/wp-json\/wp\/v2\/posts\/12319\/revisions\/26665"}],"wp:attachment":[{"href":"https:\/\/catolicanet.net\/wp-cnet\/wp-json\/wp\/v2\/media?parent=12319"}],"wp:term":[{"taxonomy":"category","embeddable":true,"href":"https:\/\/catolicanet.net\/wp-cnet\/wp-json\/wp\/v2\/categories?post=12319"},{"taxonomy":"post_tag","embeddable":true,"href":"https:\/\/catolicanet.net\/wp-cnet\/wp-json\/wp\/v2\/tags?post=12319"}],"curies":[{"name":"wp","href":"https:\/\/api.w.org\/{rel}","templated":true}]}}