{"id":12316,"date":"2015-11-12T17:06:46","date_gmt":"2015-11-12T19:06:46","guid":{"rendered":"http:\/\/catolicanet.net\/wp-cnet\/2015\/11\/12\/quando-viu-o-coracao-do-seu-filho-bater-no-ventre-desistiu-do-aborto-e-agora-conta-sua-historia\/"},"modified":"2017-05-31T16:27:50","modified_gmt":"2017-05-31T19:27:50","slug":"quando-viu-o-coracao-do-seu-filho-bater-no-ventre-desistiu-do-aborto-e-agora-conta-sua-historia","status":"publish","type":"post","link":"https:\/\/catolicanet.net\/wp-cnet\/quando-viu-o-coracao-do-seu-filho-bater-no-ventre-desistiu-do-aborto-e-agora-conta-sua-historia\/","title":{"rendered":"Quando viu o cora\u00e7\u00e3o do seu filho bater no ventre, desistiu do aborto e agora conta sua hist\u00f3ria"},"content":{"rendered":"<p style=\"text-align: justify;\"><img decoding=\"async\" src=\"http:\/\/catolicanet.com.br\/images\/stories\/00 clairecrawfordbebe_facebookclairecrawford_041115.jpg\" border=\"0\" align=\"left\" \/>\u201cQuando fiquei gr\u00e1vida, n\u00e3o tinha ningu\u00e9m\u201d, recorda Claire Crawford, uma jovem m\u00e3e que mora em Misisipi (Estados Unidos) e que, apesar de todas as contrariedades, rejeitou o aborto quando tinha 18 anos de idade. Seu testemunho foi divulgado no blog da plataforma pr\u00f3-vida americana \u2018Estudantes pela Vida\u2019 (Students for Life).<\/p>\n<p>\u201cVenho de uma fam\u00edlia numerosa\u201d, relata a jovem. \u201cMeus pais cometeram erros, como todos, mas sempre me deram tudo o que necessitava. Inclusive, meu pai juntava um dinheiro para pagar a minha universidade, desde quando era um beb\u00ea. Cresci em uma boa vizinhan\u00e7a. Dirigia um autom\u00f3vel bonito e frequentei uma boa escola\u201d.<\/p>\n<p>Apesar de tudo isto, lamenta, \u201cquando fiquei gr\u00e1vida, n\u00e3o tinha ningu\u00e9m. Fiz algumas escolhas antes de engravidar e estas me levaram a tal situa\u00e7\u00e3o. Nem podia acreditar que de verdade estava gr\u00e1vida\u201d.<\/p>\n<p>Claire assinala: \u201cO pai de meu filho e eu tivemos uma rela\u00e7\u00e3o dif\u00edcil e se tornou cada vez mais dif\u00edcil. Mas ele era tudo o que tinha. Infelizmente nos separamos quando eu tinha aproximadamente 7 meses de gesta\u00e7\u00e3o\u201d.<\/p>\n<p>Mas sua complicada situa\u00e7\u00e3o n\u00e3o foi uma desculpa para acabar com a vida de seu beb\u00ea.<\/p>\n<p>\u201cInclusive sem trabalho, autom\u00f3vel e dinheiro, sabia que queria ter o meu beb\u00ea e ia trabalhar o quanto fosse poss\u00edvel para que isso pudesse acontecer. \u2018Onde h\u00e1 for\u00e7a de vontade, h\u00e1 uma solu\u00e7\u00e3o\u2019 era minha frase favorita para dizer \u00e0queles que me questionavam\u201d, recorda.<\/p>\n<p>Em sua gravidez, escreve Claire, \u201cchorei amargamente durante muitos dias\u201d, e inclusive houve ocasi\u00f5es \u201cnas quais pensava que deveria ter ou sofrer um aborto. Implorava a Deus que me ajudasse\u201d.<\/p>\n<p>Anja, uma estudante pr\u00f3-vida com quem tinha uma grande amizade, levou Claire a um Center for Pregnancy Choices (CPC, centro pr\u00f3-vida), onde fez uma ecografia gratuita. Nessa ocasi\u00e3o estava com 11 semanas e 6 dias de gesta\u00e7\u00e3o.<\/p>\n<p> \u201cVi o meu pequeno beb\u00ea. Escutei o seu cora\u00e7\u00e3o bater. Fiquei alegre e nervosa, tentando controlar as minhas l\u00e1grimas, enquanto via meu pequeno beb\u00ea pular e dan\u00e7ar. Nesse momento foi quando decidi que ia fazer isto, custe o que custar\u201d.<\/p>\n<p>Mas as dificuldades n\u00e3o acabaram e em diversas ocasi\u00f5es puseram \u00e0 prova sua confian\u00e7a em si mesma.<\/p>\n<p>\u201cAbandonei a universidade e perdi meus dois trabalhos quando tinha cinco meses de gravidez, ainda sem saber o que ia fazer ou como ia sustentar o meu beb\u00ea com apenas um dinheiro que economizava. Rezei a Deus a fim de que me iluminasse para fazer o que seria melhor para meu filho\u201d.<\/p>\n<p>Em seguida, Claire confessou: \u201cEstou envergonhada de admiti-lo agora, mas vou ser franca. Havia momentos nos quais desejava ter abortado o meu beb\u00ea\u201d. Entretanto, recorda, sua amiga Anja estava a\u00ed para ajud\u00e1-la no que precisasse.<\/p>\n<p>Com 16 semanas de gesta\u00e7\u00e3o, Claire contou para sua m\u00e3e que estava esperando um beb\u00ea. A not\u00edcia revitalizou a rela\u00e7\u00e3o e ela p\u00f4de voltar para sua casa para comemorar seus 18 anos, quando estava com 8 meses de gravidez<\/p>\n<p>\u201cMinha mam\u00e3e comprou para Taylan suas primeiras mantas, babadores, pijamas, etc. Depois de algum tempo, ela finalmente aceitou minha gravidez e estava muito emocionada, pois seria av\u00f3 pela primeira vez\u201d.<\/p>\n<p>O pequeno Taylan nasceu no dia 30 de julho deste ano. Apesar de \u201cainda existir v\u00e1rios desafios e momentos dif\u00edceis\u201d, Claire assegura: \u201cMinha vida sem ele n\u00e3o seria nada\u201d.<\/p>\n<p>Segundo Claire, compartilhar sua hist\u00f3ria poderia ajudar algu\u00e9m a \u201cter a esperan\u00e7a que necessitam para seguir em frente\u201d.<\/p>\n<p>\u201cDurante a minha gesta\u00e7\u00e3o, passei por um dos momentos mais dif\u00edceis de minha vida, mas teve o melhor resultado. Fa\u00e7o aproximadamente 98 por cento do que devo fazer como m\u00e3e, com pouca ajuda. Nunca amei tanto algu\u00e9m na minha vida\u201d, conclui Claire.<\/p>\n<p style=\"text-align: justify;\">Fonte: R\u00e1dio Vaticano<\/p>\n","protected":false},"excerpt":{"rendered":"<p>\u201cQuando fiquei gr\u00e1vida, n\u00e3o tinha ningu\u00e9m\u201d, recorda Claire Crawford, uma jovem m\u00e3e que mora em Misisipi (Estados Unidos) e que, apesar de todas as contrariedades, rejeitou o aborto quando tinha 18 anos de idade. Seu testemunho foi divulgado no blog da plataforma pr\u00f3-vida americana \u2018Estudantes pela Vida\u2019 (Students for Life). \u201cVenho de uma fam\u00edlia numerosa\u201d, [&hellip;]<\/p>\n","protected":false},"author":1,"featured_media":0,"comment_status":"open","ping_status":"open","sticky":false,"template":"","format":"standard","meta":{"footnotes":""},"categories":[4],"tags":[],"class_list":["post-12316","post","type-post","status-publish","format-standard","hentry","category-cotidiano"],"_links":{"self":[{"href":"https:\/\/catolicanet.net\/wp-cnet\/wp-json\/wp\/v2\/posts\/12316","targetHints":{"allow":["GET"]}}],"collection":[{"href":"https:\/\/catolicanet.net\/wp-cnet\/wp-json\/wp\/v2\/posts"}],"about":[{"href":"https:\/\/catolicanet.net\/wp-cnet\/wp-json\/wp\/v2\/types\/post"}],"author":[{"embeddable":true,"href":"https:\/\/catolicanet.net\/wp-cnet\/wp-json\/wp\/v2\/users\/1"}],"replies":[{"embeddable":true,"href":"https:\/\/catolicanet.net\/wp-cnet\/wp-json\/wp\/v2\/comments?post=12316"}],"version-history":[{"count":1,"href":"https:\/\/catolicanet.net\/wp-cnet\/wp-json\/wp\/v2\/posts\/12316\/revisions"}],"predecessor-version":[{"id":27082,"href":"https:\/\/catolicanet.net\/wp-cnet\/wp-json\/wp\/v2\/posts\/12316\/revisions\/27082"}],"wp:attachment":[{"href":"https:\/\/catolicanet.net\/wp-cnet\/wp-json\/wp\/v2\/media?parent=12316"}],"wp:term":[{"taxonomy":"category","embeddable":true,"href":"https:\/\/catolicanet.net\/wp-cnet\/wp-json\/wp\/v2\/categories?post=12316"},{"taxonomy":"post_tag","embeddable":true,"href":"https:\/\/catolicanet.net\/wp-cnet\/wp-json\/wp\/v2\/tags?post=12316"}],"curies":[{"name":"wp","href":"https:\/\/api.w.org\/{rel}","templated":true}]}}