{"id":12309,"date":"2015-11-12T13:20:33","date_gmt":"2015-11-12T15:20:33","guid":{"rendered":"http:\/\/catolicanet.net\/wp-cnet\/2015\/11\/12\/papa-pede-sensibilidade-no-acolhimento-de-migrantes\/"},"modified":"2017-06-02T13:08:08","modified_gmt":"2017-06-02T16:08:08","slug":"papa-pede-sensibilidade-no-acolhimento-de-migrantes","status":"publish","type":"post","link":"https:\/\/catolicanet.net\/wp-cnet\/papa-pede-sensibilidade-no-acolhimento-de-migrantes\/","title":{"rendered":"Papa pede sensibilidade no acolhimento de migrantes"},"content":{"rendered":"<p style=\"text-align: justify;\"><img decoding=\"async\" src=\"http:\/\/catolicanet.com.br\/images\/stories\/geral\/afp4707503_articolo.jpg\" border=\"0\" align=\"left\" \/>O Papa recebeu na manh\u00e3 desta quinta-feira (12\/11) um grupo de 12 bispos da Eslov\u00e1quia, que est\u00e3o em visita ad limina ao Vaticano; um s\u00edmbolo do v\u00ednculo de comunh\u00e3o com o Sucessor de Pedro e de aprofundamento da colegialidade e da m\u00fatua colabora\u00e7\u00e3o.<\/p>\n<p>Francisco lhes entregou um discurso escrito, preparado anteriormente, que tem in\u00edcio com o convite ao episcopado desta na\u00e7\u00e3o europeia a acolher os migrantes com esp\u00edrito de caridade e respeito pela dignidade da pessoa humana. <\/p>\n<p>Di\u00e1logo e encontro<\/p>\n<p>\u201cSe o povo eslovaco mantiver sua identidade cultural e o seu patrim\u00f4nio de valores \u00e9ticos e espirituais, t\u00e3o ligados \u00e0 tradi\u00e7\u00e3o cat\u00f3lica, poder\u00e1 se abrir sem temores ao confronto e contribuir para um sincero e frutuoso di\u00e1logo sobre temas de import\u00e2ncia vital como a dignidade da vida e a fun\u00e7\u00e3o essencial da fam\u00edlia\u201d, escreve o Pont\u00edfice.\u00a0 <\/p>\n<p>Neste sentido, o Papa encoraja os bispos a desenvolverem uma nova linguagem de evangeliza\u00e7\u00e3o, que torne mais compreens\u00edvel a mensagem de Cristo. \u201cPor isso, \u00e9 importante que a Igreja infunda esperan\u00e7a, para que todas as mudan\u00e7as do momento atual se transformem em um aut\u00eantico progresso\u201d. <br \/>O papel dos leigos e da pastoral familiar no contexto social e nas comunidades eclesiais tamb\u00e9m s\u00e3o mencionados no texto.<\/p>\n<p>Solidariedade e forma\u00e7\u00e3o do clero<\/p>\n<p>\u201c\u00c9 necess\u00e1rio valorizar os jovens, pois neles pulsa o forte desejo de servi\u00e7o ao pr\u00f3ximo e de solidariedade, o que requer a orienta\u00e7\u00e3o e a confian\u00e7a dos Pastores. Tenham tamb\u00e9m solicitude paterna com os sacerdotes: eles precisam de programas bem articulados de forma\u00e7\u00e3o para serem competentes evangelizadores\u201d.<\/p>\n<p>\u201cA prepara\u00e7\u00e3o \u2013 ressalva o Pont\u00edfice \u2013 se una ao testemunho de uma vida exemplar e em estreita comunh\u00e3o com os Bispos, que devem ouvi-los e trat\u00e1-los com confian\u00e7a\u201d.<\/p>\n<p>Concluindo, o Papa tamb\u00e9m chama a aten\u00e7\u00e3o para a quest\u00e3o dos \u2018rom\u2019 (n\u00f4mades, ndr), que ainda vivem em uma \u2018certa separa\u00e7\u00e3o social\u2019.<\/p>\n<p style=\"text-align: justify;\">Fonte: R\u00e1dio Vaticano<\/p>\n","protected":false},"excerpt":{"rendered":"<p>O Papa recebeu na manh\u00e3 desta quinta-feira (12\/11) um grupo de 12 bispos da Eslov\u00e1quia, que est\u00e3o em visita ad limina ao Vaticano; um s\u00edmbolo do v\u00ednculo de comunh\u00e3o com o Sucessor de Pedro e de aprofundamento da colegialidade e da m\u00fatua colabora\u00e7\u00e3o. Francisco lhes entregou um discurso escrito, preparado anteriormente, que tem in\u00edcio com [&hellip;]<\/p>\n","protected":false},"author":1,"featured_media":0,"comment_status":"open","ping_status":"open","sticky":false,"template":"","format":"standard","meta":{"footnotes":""},"categories":[3],"tags":[],"class_list":["post-12309","post","type-post","status-publish","format-standard","hentry","category-vaticano"],"_links":{"self":[{"href":"https:\/\/catolicanet.net\/wp-cnet\/wp-json\/wp\/v2\/posts\/12309","targetHints":{"allow":["GET"]}}],"collection":[{"href":"https:\/\/catolicanet.net\/wp-cnet\/wp-json\/wp\/v2\/posts"}],"about":[{"href":"https:\/\/catolicanet.net\/wp-cnet\/wp-json\/wp\/v2\/types\/post"}],"author":[{"embeddable":true,"href":"https:\/\/catolicanet.net\/wp-cnet\/wp-json\/wp\/v2\/users\/1"}],"replies":[{"embeddable":true,"href":"https:\/\/catolicanet.net\/wp-cnet\/wp-json\/wp\/v2\/comments?post=12309"}],"version-history":[{"count":1,"href":"https:\/\/catolicanet.net\/wp-cnet\/wp-json\/wp\/v2\/posts\/12309\/revisions"}],"predecessor-version":[{"id":28393,"href":"https:\/\/catolicanet.net\/wp-cnet\/wp-json\/wp\/v2\/posts\/12309\/revisions\/28393"}],"wp:attachment":[{"href":"https:\/\/catolicanet.net\/wp-cnet\/wp-json\/wp\/v2\/media?parent=12309"}],"wp:term":[{"taxonomy":"category","embeddable":true,"href":"https:\/\/catolicanet.net\/wp-cnet\/wp-json\/wp\/v2\/categories?post=12309"},{"taxonomy":"post_tag","embeddable":true,"href":"https:\/\/catolicanet.net\/wp-cnet\/wp-json\/wp\/v2\/tags?post=12309"}],"curies":[{"name":"wp","href":"https:\/\/api.w.org\/{rel}","templated":true}]}}