{"id":12304,"date":"2015-11-12T11:43:53","date_gmt":"2015-11-12T13:43:53","guid":{"rendered":"http:\/\/catolicanet.net\/wp-cnet\/2015\/11\/12\/audiencia-tv-e-celular-comprometem-convivio-familiar\/"},"modified":"2017-06-02T09:50:33","modified_gmt":"2017-06-02T12:50:33","slug":"audiencia-tv-e-celular-comprometem-convivio-familiar","status":"publish","type":"post","link":"https:\/\/catolicanet.net\/wp-cnet\/audiencia-tv-e-celular-comprometem-convivio-familiar\/","title":{"rendered":"Audi\u00eancia: tv e celular comprometem conv\u00edvio familiar"},"content":{"rendered":"<p style=\"text-align: justify;\"><img decoding=\"async\" src=\"http:\/\/catolicanet.com.br\/images\/stories\/ansa903213_articolo.jpg\" border=\"0\" align=\"left\" \/>O conv\u00edvio familiar foi o tema da Audi\u00eancia Geral desta quarta-feira (11\/11) do Papa Francisco. Cerca de 20 mil fi\u00e9is e peregrinos compareceram na Pra\u00e7a S. Pedro, entre eles os participantes do III encontro dos mission\u00e1rios brasileiros na Europa.<\/p>\n<p>O conv\u00edvio, a partilha dos bens da vida, explicou Francisco, \u00e9 uma caracter\u00edstica das rela\u00e7\u00f5es familiares. A fam\u00edlia reunida ao redor da mesa \u00e9 um s\u00edmbolo, um \u00edcone, desta experi\u00eancia fundamental. &#8220;Uma fam\u00edlia que quase nunca faz junta as refei\u00e7\u00f5es, ou que \u00e0 mesa n\u00e3o fala, mas assiste \u00e0 televis\u00e3o, ou olha o celular, \u00e9 uma fam\u00edlia &#8216;pouco fam\u00edlia&#8217;. &#8220;Significa que h\u00e1 algum problema.&#8221; \u201c\u00c9 o sil\u00eancio do ego\u00edsmo\u201d, disse.<\/p>\n<p>Neste sentido, recordou o Pont\u00edfice, o Cristianismo possui uma voca\u00e7\u00e3o especial a esta \u00edndole convivial. Jesus, al\u00e9m ensinar quando se encontrava \u00e0 mesa, tamb\u00e9m usava esta imagem para falar do Reino de Deus; ali\u00e1s, foi na mesa da \u00faltima Ceia que Ele nos deixou a Eucaristia como testamento do seu Sacrif\u00edcio na Cruz.<\/p>\n<p>Nos dias de hoje, em que vemos as fam\u00edlias sempre menos reunidas, advertiu o Papa, a passagem da mesa da fam\u00edlia \u00e0 mesa da Eucaristia \u00e9 ainda mais importante. Na Missa, o Senhor oferece o seu Corpo e Sangue para todos, fazendo que a pr\u00f3pria experi\u00eancia do conv\u00edvio familiar se abra a uma experi\u00eancia de uma conviv\u00eancia universal: assim a fam\u00edlia crist\u00e3 mostra o seu verdadeiro horizonte, que \u00e9 o da Igreja, M\u00e3e de todos os homens, onde n\u00e3o existem exclu\u00eddos nem abandonados.<\/p>\n<p>At\u00e9 ontem, recordou, bastava uma \u00fanica m\u00e3e para cuidar das crian\u00e7as no p\u00e1tio, porque os filhos eram considerados um bem de toda a comunidade.<\/p>\n<p>Hoje, acrescentou o Pont\u00edfice, muitos contextos sociais p\u00f5em obst\u00e1culos ao conv\u00edvio familiar. \u201cDevemos encontrar o modo para recuper\u00e1-lo\u201d, pois \u201cparece que se tornou uma coisa que se compra e vende\u201d, disse o Papa.<\/p>\n<p>Todavia, notou o Papa, o nutrimento nem sempre \u00e9 o s\u00edmbolo de uma justa compartilha dos bens, capaz de alcan\u00e7ar quem n\u00e3o tem nem p\u00e3o nem afetos. E advertiu para a opul\u00eancia dos pa\u00edses ricos diante dos demasiados irm\u00e3os e irm\u00e3s que permanecem fora da mesa. \u201c\u00c9 uma vergonha\u201d, reiterou o Papa.<\/p>\n<p>\u201cRezemos para que este conv\u00edvio familiar possa crescer e amadurecer no tempo de gra\u00e7a do pr\u00f3ximo Jubileu da Miseric\u00f3rdia\u201d, concluiu Francisco.<\/p>\n<p>Ao saudar os numerosos grupos de peregrinos na Pra\u00e7a, o Papa mencionou os fi\u00e9is brasileiros de Aracaju, Divin\u00f3polis, Pernambuco e S\u00e3o Paulo. <\/p>\n<p>Assista a um resumo em v\u00eddeo em nosso canal VaticanBR<\/p>\n<p>B\u00f3snia-Herzog\u00f3vina<\/p>\n<p>Antes da Audi\u00eancia Geral, o Papa recebeu o Presidente da B\u00f3snia-Herzegovina, Dragan \u010covi\u0107, com uma delega\u00e7\u00e3o de 40 pessoas.<\/p>\n<p>No encontro, Francisco recordou a viagem que fez a Sarajevo, em junho passado. \u201cAinda guardo no meu cora\u00e7\u00e3o tantas coisas grandes e belas que aprendi com voc\u00eas: a capacidade de sofrimento, a capacidade de perd\u00e3o, ou pelo menos de buscar o perd\u00e3o, a capacidade de unir-nos e trabalhar juntos, a capacidade de di\u00e1logo. Obrigado pelos exemplos que d\u00e3o \u00e0 humanidade.\u201d<\/p>\n<p>Ao cumprimentar a delega\u00e7\u00e3o do Presidente, o Pont\u00edfice estendeu sua sauda\u00e7\u00e3o a toda a popula\u00e7\u00e3o do pa\u00eds, de modo especial os jovens.<\/p>\n<p>Fonte: R\u00e1dio Vaticano<\/p>\n","protected":false},"excerpt":{"rendered":"<p>O conv\u00edvio familiar foi o tema da Audi\u00eancia Geral desta quarta-feira (11\/11) do Papa Francisco. Cerca de 20 mil fi\u00e9is e peregrinos compareceram na Pra\u00e7a S. Pedro, entre eles os participantes do III encontro dos mission\u00e1rios brasileiros na Europa. O conv\u00edvio, a partilha dos bens da vida, explicou Francisco, \u00e9 uma caracter\u00edstica das rela\u00e7\u00f5es familiares. [&hellip;]<\/p>\n","protected":false},"author":1,"featured_media":0,"comment_status":"open","ping_status":"open","sticky":false,"template":"","format":"standard","meta":{"footnotes":""},"categories":[3],"tags":[],"class_list":["post-12304","post","type-post","status-publish","format-standard","hentry","category-vaticano"],"_links":{"self":[{"href":"https:\/\/catolicanet.net\/wp-cnet\/wp-json\/wp\/v2\/posts\/12304","targetHints":{"allow":["GET"]}}],"collection":[{"href":"https:\/\/catolicanet.net\/wp-cnet\/wp-json\/wp\/v2\/posts"}],"about":[{"href":"https:\/\/catolicanet.net\/wp-cnet\/wp-json\/wp\/v2\/types\/post"}],"author":[{"embeddable":true,"href":"https:\/\/catolicanet.net\/wp-cnet\/wp-json\/wp\/v2\/users\/1"}],"replies":[{"embeddable":true,"href":"https:\/\/catolicanet.net\/wp-cnet\/wp-json\/wp\/v2\/comments?post=12304"}],"version-history":[{"count":1,"href":"https:\/\/catolicanet.net\/wp-cnet\/wp-json\/wp\/v2\/posts\/12304\/revisions"}],"predecessor-version":[{"id":27692,"href":"https:\/\/catolicanet.net\/wp-cnet\/wp-json\/wp\/v2\/posts\/12304\/revisions\/27692"}],"wp:attachment":[{"href":"https:\/\/catolicanet.net\/wp-cnet\/wp-json\/wp\/v2\/media?parent=12304"}],"wp:term":[{"taxonomy":"category","embeddable":true,"href":"https:\/\/catolicanet.net\/wp-cnet\/wp-json\/wp\/v2\/categories?post=12304"},{"taxonomy":"post_tag","embeddable":true,"href":"https:\/\/catolicanet.net\/wp-cnet\/wp-json\/wp\/v2\/tags?post=12304"}],"curies":[{"name":"wp","href":"https:\/\/api.w.org\/{rel}","templated":true}]}}