{"id":12288,"date":"2015-11-11T15:46:16","date_gmt":"2015-11-11T17:46:16","guid":{"rendered":"http:\/\/catolicanet.net\/wp-cnet\/2015\/11\/11\/papa-a-peregrinacao-e-experiencia-de-misericordia\/"},"modified":"2017-06-02T13:17:59","modified_gmt":"2017-06-02T16:17:59","slug":"papa-a-peregrinacao-e-experiencia-de-misericordia","status":"publish","type":"post","link":"https:\/\/catolicanet.net\/wp-cnet\/papa-a-peregrinacao-e-experiencia-de-misericordia\/","title":{"rendered":"Papa: a peregrina\u00e7\u00e3o \u00e9 experi\u00eancia de miseric\u00f3rdia"},"content":{"rendered":"<p style=\"text-align: justify;\"><img decoding=\"async\" src=\"http:\/\/catolicanet.com.br\/images\/stories\/ansa579861_articolo.jpg\" border=\"0\" align=\"left\" \/>O Papa Francisco enviou uma mensagem, nesta ter\u00e7a-feira (10\/11), aos participantes do 20\u00ba encontro comum das Pontif\u00edcias Academias sobre o tema \u201cAd limina Petri. Tra\u00e7os monumentais da peregrina\u00e7\u00e3o nos primeiros s\u00e9culos do Cristianismo\u201d.<\/p>\n<p>O documento foi enviado ao Presidente do Pontif\u00edcio Conselho para a Cultura, Cardeal Gianfranco Ravasi, Presidente do Conselho de Coordena\u00e7\u00e3o das Pontif\u00edcias Academias. <\/p>\n<p>\u201cDentre as iniciativas a fim de valorizar esse caminho comum, destaca certamente o Pr\u00eamio destinado anualmente a jovens estudiosos, artistas ou institui\u00e7\u00f5es que contribu\u00edram, atrav\u00e9s de seus estudos ou obras, nos v\u00e1rios \u00e2mbitos disciplinares das Academias, na promo\u00e7\u00e3o do humanismo crist\u00e3o e do desenvolvimento das ci\u00eancias religiosas. A sua reflex\u00e3o ajudar\u00e1 a aprofundar o sentido da peregrina\u00e7\u00e3o crist\u00e3\u201d, frisa o Santo Padre na mensagem.<\/p>\n<p>&#8220;A vida \u00e9 uma peregrina\u00e7\u00e3o e o homem \u00e9 um peregrino que caminha rumo ao objetivo desejado. Desde os primeiros s\u00e9culos da era crist\u00e3 os itiner\u00e1rios dos peregrinos, eclesi\u00e1sticos e leigos, s\u00e3o bem documentados por v\u00e1rias fontes, dentre as quais os grafites deixados nos lugares de visita, nos t\u00famulos dos m\u00e1rtires. Deles emerge a f\u00e9 pura e generosa de quem se colocou a caminho, com coragem e muitos sacrif\u00edcios, para encontrar, ou melhor, tocar com as m\u00e3os, o testemunho da f\u00e9 e suas mem\u00f3rias, a fim de obter entusiasmo renovado e for\u00e7a interior para viver profundamente e com coer\u00eancia a pr\u00f3pria f\u00e9\u201d, destaca ainda Francisco.<\/p>\n<p>&#8220;A peregrina\u00e7\u00e3o \u00e9 tamb\u00e9m esperan\u00e7a de miseric\u00f3rdia, partilha e solidariedade com quem faz o mesmo caminho, como tamb\u00e9m de acolhimento e generosidade da parte de quem hospeda os peregrinos&#8221;, disse ainda o pont\u00edfice. O Papa deseja que os peregrinos que vir\u00e3o a Roma por ocasi\u00e3o do Ano Santo da Miseric\u00f3rdia possam sentir a presen\u00e7a do Senhor como companheiro de viagem e experimentar a alegria do encontro com Ele. <\/p>\n<p>Durante o encontro o Secret\u00e1rio de Estado, Cardeal Pietro Parolin, entregou os pr\u00eamios das Pontif\u00edcias Academias. Este ano, o Papa Francisco conferiu o pr\u00eamio \u00e0 associa\u00e7\u00e3o portuguesa Campo Arqueol\u00f3gico de M\u00e9rtola, que tem como refer\u00eancia o professor Virg\u00edlio Lopes, pelas campanhas arqueol\u00f3gicas realizadas nos \u00faltimos anos, e a Matteo Braconi pela tese de doutorado sobre o tema \u201cO mosaico da abside da Bas\u00edlica de Santa Pudenziana em Roma. Hist\u00f3ria, restaura\u00e7\u00f5es e interpreta\u00e7\u00f5es\u201d defendida na Universit\u00e0 degli Studi Roma Tre.<\/p>\n<p>Foi entregue a medalha do pontificado a Almudena Alba L\u00f3pez, da Universidade de Salamanca, pela publica\u00e7\u00e3o Teolog\u00eda pol\u00edtica y pol\u00e9mica antiarriana.<\/p>\n<p style=\"text-align: justify;\">Fonte: R\u00e1dio Vaticano<\/p>\n","protected":false},"excerpt":{"rendered":"<p>O Papa Francisco enviou uma mensagem, nesta ter\u00e7a-feira (10\/11), aos participantes do 20\u00ba encontro comum das Pontif\u00edcias Academias sobre o tema \u201cAd limina Petri. Tra\u00e7os monumentais da peregrina\u00e7\u00e3o nos primeiros s\u00e9culos do Cristianismo\u201d. O documento foi enviado ao Presidente do Pontif\u00edcio Conselho para a Cultura, Cardeal Gianfranco Ravasi, Presidente do Conselho de Coordena\u00e7\u00e3o das Pontif\u00edcias [&hellip;]<\/p>\n","protected":false},"author":1,"featured_media":0,"comment_status":"open","ping_status":"open","sticky":false,"template":"","format":"standard","meta":{"footnotes":""},"categories":[3],"tags":[],"class_list":["post-12288","post","type-post","status-publish","format-standard","hentry","category-vaticano"],"_links":{"self":[{"href":"https:\/\/catolicanet.net\/wp-cnet\/wp-json\/wp\/v2\/posts\/12288","targetHints":{"allow":["GET"]}}],"collection":[{"href":"https:\/\/catolicanet.net\/wp-cnet\/wp-json\/wp\/v2\/posts"}],"about":[{"href":"https:\/\/catolicanet.net\/wp-cnet\/wp-json\/wp\/v2\/types\/post"}],"author":[{"embeddable":true,"href":"https:\/\/catolicanet.net\/wp-cnet\/wp-json\/wp\/v2\/users\/1"}],"replies":[{"embeddable":true,"href":"https:\/\/catolicanet.net\/wp-cnet\/wp-json\/wp\/v2\/comments?post=12288"}],"version-history":[{"count":1,"href":"https:\/\/catolicanet.net\/wp-cnet\/wp-json\/wp\/v2\/posts\/12288\/revisions"}],"predecessor-version":[{"id":28448,"href":"https:\/\/catolicanet.net\/wp-cnet\/wp-json\/wp\/v2\/posts\/12288\/revisions\/28448"}],"wp:attachment":[{"href":"https:\/\/catolicanet.net\/wp-cnet\/wp-json\/wp\/v2\/media?parent=12288"}],"wp:term":[{"taxonomy":"category","embeddable":true,"href":"https:\/\/catolicanet.net\/wp-cnet\/wp-json\/wp\/v2\/categories?post=12288"},{"taxonomy":"post_tag","embeddable":true,"href":"https:\/\/catolicanet.net\/wp-cnet\/wp-json\/wp\/v2\/tags?post=12288"}],"curies":[{"name":"wp","href":"https:\/\/api.w.org\/{rel}","templated":true}]}}