{"id":12286,"date":"2015-11-11T12:17:57","date_gmt":"2015-11-11T14:17:57","guid":{"rendered":"http:\/\/catolicanet.net\/wp-cnet\/2015\/11\/11\/papa-na-missa-em-florenca-reconhecer-no-pobre-o-rosto-de-jesus\/"},"modified":"2017-06-02T11:58:16","modified_gmt":"2017-06-02T14:58:16","slug":"papa-na-missa-em-florenca-reconhecer-no-pobre-o-rosto-de-jesus","status":"publish","type":"post","link":"https:\/\/catolicanet.net\/wp-cnet\/papa-na-missa-em-florenca-reconhecer-no-pobre-o-rosto-de-jesus\/","title":{"rendered":"Papa na Missa em Floren\u00e7a: reconhecer no pobre o rosto de Jesus"},"content":{"rendered":"<p style=\"text-align: justify;\"><img decoding=\"async\" src=\"http:\/\/catolicanet.com.br\/images\/stories\/afp4704840_articolo.jpg\" border=\"0\" align=\"left\" \/>Deus e o homem n\u00e3o s\u00e3o dois extremos de uma oposi\u00e7\u00e3o: desde sempre, estes procuram um ao outro, porque Deus reconhece no homem a pr\u00f3pria imagem e o homem se reconhece somente olhando para Deus.\u201d<\/p>\n<p>Foi o que disse o Papa Francisco na missa celebrada esta tarde em Floren\u00e7a, com a qual concluiu sua visita \u00e0 capital da regi\u00e3o italiana da Toscana. Partindo do Evangelho do dia, a homilia do Santo Padre desenvolveu-se em torno de duas perguntas que Jesus faz a seus disc\u00edpulos.<\/p>\n<p>A primeira: \u201cQuem dizem os homens ser o Filho do Homem? (Mt 16,13). A segunda: \u201cE v\u00f3s, quem dizeis que eu sou?\u201d (Mt 16,15). Atendo-se \u00e0 primeira, o Pont\u00edfice disse tratar-se de uma pergunta que demonstra o quanto o cora\u00e7\u00e3o e o olhar de Jesus est\u00e3o abertos a todos.<\/p>\n<p>Jesus se interessa por aquilo que o povo pensa, n\u00e3o para content\u00e1-lo, mas para poder comunicar com ele, observou Francisco. \u201cSem saber o que o povo pensa, o disc\u00edpulo se isola e inicia a julgar o povo segundo seus pensamentos e suas convic\u00e7\u00f5es.\u201d<\/p>\n<p>\u201cOs disc\u00edpulos de Jesus jamais devem esquecer de onde foram escolhidos, ou seja, do meio do povo, e jamais devem cair na tenta\u00e7\u00e3o de assumir atitudes de distanciamento, como se aquilo que o povo pensa e vive n\u00e3o lhes dissesse respeito e n\u00e3o lhes fosse importante.\u201d<\/p>\n<p>O Santo Padre ressaltou que isso vale tamb\u00e9m para n\u00f3s. A Igreja, como Jesus, vive no meio do povo e pelo povo. \u201cPor isso, em toda a sua hist\u00f3ria, sempre levou em si a mesma pergunta: quem \u00e9 Jesus para os homens e as mulheres de hoje?\u201d, acrescentou.<\/p>\n<p>Para isso, \u00e9 necess\u00e1rio amadurecer uma f\u00e9 pessoal com Ele. Eis ent\u00e3o que se coloca a segunda pergunta que Jesus faz aos disc\u00edpulos: \u201cE v\u00f3s, quem dizeis que eu sou?\u201d Pergunta que ressoa ainda hoje \u00e0 consci\u00eancia de n\u00f3s, seus disc\u00edpulos, e \u00e9 decisiva para a nossa identidade e a nossa miss\u00e3o.<\/p>\n<p>Assista ao v\u00eddeo da missa<\/p>\n<p>\u201cSomente se reconhecermos Jesus em Sua verdade, seremos capazes de olhar a verdade da nossa condi\u00e7\u00e3o humana, e poderemos dar a nossa contribui\u00e7\u00e3o para a plena humaniza\u00e7\u00e3o da sociedade.\u201d A pergunta de Cristo \u00e9 respondida por Sim\u00e3o: \u201cTu \u00e9s o Cristo, o Filho do Deus vivo\u201d, frisou o Papa, acrescentando:<\/p>\n<p>\u201cEssa resposta abarca toda a miss\u00e3o de Pedro e assume em si aquilo que se tornar\u00e1 para a Igreja o minist\u00e9rio petrino, isto \u00e9, custodiar e proclamar a verdade de f\u00e9; defender e promover a comunh\u00e3o entre todas as Igrejas; conservar a disciplina da Igreja.\u201d<\/p>\n<p>Esta profiss\u00e3o de f\u00e9 que Sim\u00e3o Pedro proclamou permanece tamb\u00e9m para n\u00f3s. \u201cEla n\u00e3o representa somente o fundamento da nossa salva\u00e7\u00e3o, mas tamb\u00e9m a estrada mediante a qual ela se realiza e a meta \u00e0 qual caminha\u201d, observou o Pont\u00edfice.<\/p>\n<p>De fato, na raiz do mist\u00e9rio da salva\u00e7\u00e3o est\u00e1 a vontade de um Deus misericordioso, que n\u00e3o se rende diante da incompreens\u00e3o, da culpa e da mis\u00e9ria do homem, mas se doa a ele at\u00e9 fazer-se Ele mesmo homem para encontrar toda pessoa na sua condi\u00e7\u00e3o concreta.<\/p>\n<p>\u00c9 este amor misericordioso de Deus que Sim\u00e3o Pedro reconhece no rosto de Jesus. O mesmo rosto que somos chamados a reconhecer nas formas em que o Senhor nos assegurou a sua presen\u00e7a no meio de n\u00f3s:<\/p>\n<p>\u201cNo amor sem limites, que se faz servi\u00e7o generoso e sol\u00edcito para com todos; no pobre, que nos recorda que Jesus quis que sua suprema revela\u00e7\u00e3o de si e do Pai tivesse a imagem do humilhado crucificado.\u201d<\/p>\n<p>Conclu\u00edda a santa missa celebrada no Est\u00e1dio Municipal \u201cArtemio Franchi\u201d de Floren\u00e7a, da qual participaram 55 mil fi\u00e9is, o Papa Francisco encerrou seus compromissos na capital da regi\u00e3o italiana da Toscana, partindo pouco depois das 17h de volta para o Vaticano.<\/p>\n<p style=\"text-align: justify;\">Fonte: R\u00e1dio Vaticano<\/p>\n","protected":false},"excerpt":{"rendered":"<p>Deus e o homem n\u00e3o s\u00e3o dois extremos de uma oposi\u00e7\u00e3o: desde sempre, estes procuram um ao outro, porque Deus reconhece no homem a pr\u00f3pria imagem e o homem se reconhece somente olhando para Deus.\u201d Foi o que disse o Papa Francisco na missa celebrada esta tarde em Floren\u00e7a, com a qual concluiu sua visita [&hellip;]<\/p>\n","protected":false},"author":1,"featured_media":0,"comment_status":"open","ping_status":"open","sticky":false,"template":"","format":"standard","meta":{"footnotes":""},"categories":[3],"tags":[],"class_list":["post-12286","post","type-post","status-publish","format-standard","hentry","category-vaticano"],"_links":{"self":[{"href":"https:\/\/catolicanet.net\/wp-cnet\/wp-json\/wp\/v2\/posts\/12286","targetHints":{"allow":["GET"]}}],"collection":[{"href":"https:\/\/catolicanet.net\/wp-cnet\/wp-json\/wp\/v2\/posts"}],"about":[{"href":"https:\/\/catolicanet.net\/wp-cnet\/wp-json\/wp\/v2\/types\/post"}],"author":[{"embeddable":true,"href":"https:\/\/catolicanet.net\/wp-cnet\/wp-json\/wp\/v2\/users\/1"}],"replies":[{"embeddable":true,"href":"https:\/\/catolicanet.net\/wp-cnet\/wp-json\/wp\/v2\/comments?post=12286"}],"version-history":[{"count":1,"href":"https:\/\/catolicanet.net\/wp-cnet\/wp-json\/wp\/v2\/posts\/12286\/revisions"}],"predecessor-version":[{"id":28371,"href":"https:\/\/catolicanet.net\/wp-cnet\/wp-json\/wp\/v2\/posts\/12286\/revisions\/28371"}],"wp:attachment":[{"href":"https:\/\/catolicanet.net\/wp-cnet\/wp-json\/wp\/v2\/media?parent=12286"}],"wp:term":[{"taxonomy":"category","embeddable":true,"href":"https:\/\/catolicanet.net\/wp-cnet\/wp-json\/wp\/v2\/categories?post=12286"},{"taxonomy":"post_tag","embeddable":true,"href":"https:\/\/catolicanet.net\/wp-cnet\/wp-json\/wp\/v2\/tags?post=12286"}],"curies":[{"name":"wp","href":"https:\/\/api.w.org\/{rel}","templated":true}]}}