{"id":12285,"date":"2015-11-11T12:04:53","date_gmt":"2015-11-11T14:04:53","guid":{"rendered":"http:\/\/catolicanet.net\/wp-cnet\/2015\/11\/11\/card-parolin-ataques-midiaticos-histericos-contra-a-igreja\/"},"modified":"2017-06-02T09:58:23","modified_gmt":"2017-06-02T12:58:23","slug":"card-parolin-ataques-midiaticos-histericos-contra-a-igreja","status":"publish","type":"post","link":"https:\/\/catolicanet.net\/wp-cnet\/card-parolin-ataques-midiaticos-histericos-contra-a-igreja\/","title":{"rendered":"Card. Parolin: ataques midi\u00e1ticos hist\u00e9ricos contra a Igreja"},"content":{"rendered":"<p style=\"text-align: justify;\"><img decoding=\"async\" src=\"http:\/\/catolicanet.com.br\/images\/stories\/afp3890377_articolo.jpg\" border=\"0\" align=\"left\" \/>O Cardeal Secret\u00e1rio de Estado Pietro Parolin, em entrevista \u00e0 R\u00e1dio Vaticano, comentou o caso \u201cVatileaks\u201d e a reforma da C\u00faria romana. O cardeal classificou os ataques midi\u00e1ticos contra a Igreja como \u201cpouco racionais e muito emotivos\u201d.<\/p>\n<p>Cardeal Parolin \u2013 \u201cN\u00e3o acredito que estas pol\u00eamicas possam criar uma atmosfera serena. Efetivamente, h\u00e1 um clima pesado. Se lermos os jornais, o que vemos s\u00e3o ataques talvez poucos racionais, pouco pensados, muito emotivos para n\u00e3o dizer hist\u00e9ricos. H\u00e1 o prov\u00e9rbio que diz: Deus escreve certo por linhas tortas. Certamente, n\u00e3o acredito que sejam ataques bem intencionados. S\u00e3o ataques \u00e0 Igreja. Podem, contudo, traduzirem-se ou transformarem-se em um bem se os recebermos com aquele esp\u00edrito de convers\u00e3o e de retorno ao Evangelho que o Senhor nos pede. Eu procurarei dar aten\u00e7\u00e3o a este aspecto justamente porque, de convers\u00e3o, todos n\u00f3s sempre temos necessidade\u201d.<\/p>\n<p>RV \u2013 O Papa, no \u00faltimo Angelus, disse que prosseguir\u00e1 na a\u00e7\u00e3o de reforma. Existem resist\u00eancias e obst\u00e1culos, todavia&#8230;<\/p>\n<p>Cardeal Parolin \u2013 Mudar as coisas \u00e9 sempre dif\u00edcil porque todos somos tentados a continuar em nossa tranquilidade, em nosso \u201cla la la\u201d de todos os dias. Neste sentido, \u00e9 preciso vencer as resist\u00eancias. Defini-las fisiol\u00f3gicas \u00e9 muito pouco, defini-las patol\u00f3gicas \u00e9 demais. S\u00e3o resist\u00eancias presentes. Acredito que seja tamb\u00e9m importante afront\u00e1-las de maneira construtiva, de modo que possam se transformar. Acredito que esta seja a chave para esse caso: transformar aquelas que podem ser as normais resist\u00eancias diante das mudan\u00e7as em instrumentos de reforma. E todos t\u00eam este desejo de mudar para melhor. Aquela melhoria que o Papa em primeira pessoa pediu \u00e0 C\u00faria.<\/p>\n<p style=\"text-align: justify;\">Fonte: R\u00e1dio Vaticano<\/p>\n","protected":false},"excerpt":{"rendered":"<p>O Cardeal Secret\u00e1rio de Estado Pietro Parolin, em entrevista \u00e0 R\u00e1dio Vaticano, comentou o caso \u201cVatileaks\u201d e a reforma da C\u00faria romana. O cardeal classificou os ataques midi\u00e1ticos contra a Igreja como \u201cpouco racionais e muito emotivos\u201d. Cardeal Parolin \u2013 \u201cN\u00e3o acredito que estas pol\u00eamicas possam criar uma atmosfera serena. Efetivamente, h\u00e1 um clima pesado. [&hellip;]<\/p>\n","protected":false},"author":1,"featured_media":0,"comment_status":"open","ping_status":"open","sticky":false,"template":"","format":"standard","meta":{"footnotes":""},"categories":[3],"tags":[],"class_list":["post-12285","post","type-post","status-publish","format-standard","hentry","category-vaticano"],"_links":{"self":[{"href":"https:\/\/catolicanet.net\/wp-cnet\/wp-json\/wp\/v2\/posts\/12285","targetHints":{"allow":["GET"]}}],"collection":[{"href":"https:\/\/catolicanet.net\/wp-cnet\/wp-json\/wp\/v2\/posts"}],"about":[{"href":"https:\/\/catolicanet.net\/wp-cnet\/wp-json\/wp\/v2\/types\/post"}],"author":[{"embeddable":true,"href":"https:\/\/catolicanet.net\/wp-cnet\/wp-json\/wp\/v2\/users\/1"}],"replies":[{"embeddable":true,"href":"https:\/\/catolicanet.net\/wp-cnet\/wp-json\/wp\/v2\/comments?post=12285"}],"version-history":[{"count":1,"href":"https:\/\/catolicanet.net\/wp-cnet\/wp-json\/wp\/v2\/posts\/12285\/revisions"}],"predecessor-version":[{"id":27746,"href":"https:\/\/catolicanet.net\/wp-cnet\/wp-json\/wp\/v2\/posts\/12285\/revisions\/27746"}],"wp:attachment":[{"href":"https:\/\/catolicanet.net\/wp-cnet\/wp-json\/wp\/v2\/media?parent=12285"}],"wp:term":[{"taxonomy":"category","embeddable":true,"href":"https:\/\/catolicanet.net\/wp-cnet\/wp-json\/wp\/v2\/categories?post=12285"},{"taxonomy":"post_tag","embeddable":true,"href":"https:\/\/catolicanet.net\/wp-cnet\/wp-json\/wp\/v2\/tags?post=12285"}],"curies":[{"name":"wp","href":"https:\/\/api.w.org\/{rel}","templated":true}]}}